{"id":38,"date":"2012-10-25T09:31:18","date_gmt":"2012-10-25T09:31:18","guid":{"rendered":"http:\/\/www.falken-nuernberg.de\/wordpress\/?p=38"},"modified":"2013-04-18T16:23:06","modified_gmt":"2013-04-18T14:23:06","slug":"werdet-wild-und-tut-schone-dinge","status":"publish","type":"post","link":"https:\/\/www.falken-nuernberg.de\/?p=38","title":{"rendered":"\u201eWerdet wild und tut sch\u00f6ne Dinge\u201c"},"content":{"rendered":"<p><strong>Falkenzeltlager \u201eWerdet wild und tut sch\u00f6ne Dinge\u201c im \u201eSauloch\u201c bei Coburg vom 7.-21.August<\/strong> mit sau gutem Wetter, tollen Kindern und sau viel Spa\u00df!<\/p>\n<p>Vincent, Toni und Dani vom OV-Lichtenhof aus N\u00fcrnberg erz\u00e4hlen vom Zeltlager.<\/p>\n<div id=\"attachment_69\" style=\"width: 310px\" class=\"wp-caption alignnone\"><a href=\"http:\/\/www.falken-nuernberg.de\/wordpress\/wp-content\/uploads\/2012\/10\/LagerfeuerVincent.jpg\"><img loading=\"lazy\" decoding=\"async\" aria-describedby=\"caption-attachment-69\" class=\"size-medium wp-image-69\" title=\"Unser Zeltlager\" alt=\"Stockbrot am Lagerfeuer\" src=\"http:\/\/www.falken-nuernberg.de\/wordpress\/wp-content\/uploads\/2012\/10\/LagerfeuerVincent-300x212.jpg\" width=\"300\" height=\"212\" srcset=\"https:\/\/www.falken-nuernberg.de\/wordpress\/wp-content\/uploads\/2012\/10\/LagerfeuerVincent-300x212.jpg 300w, https:\/\/www.falken-nuernberg.de\/wordpress\/wp-content\/uploads\/2012\/10\/LagerfeuerVincent-1024x724.jpg 1024w\" sizes=\"auto, (max-width: 300px) 100vw, 300px\" \/><\/a><p id=\"caption-attachment-69\" class=\"wp-caption-text\">gemalt von Vincent<\/p><\/div>\n<p><!--more--><\/p>\n<p>Was hat euch am besten gefallen? Vincent:\u00a0 \u201eDas wir zu dritt in den Wald gehen durften zum Bauen, spazieren und capture the flag spielen.\u201c Toni: \u201e Der Ausflug ins Schwimmbad mit Sprungturm, Wellenbad und Strudel.\u201c Und was hat euch gar nicht\u00a0 gefallen? Toni: \u201eDass das Felsenklettern verboten war.\u201c Dani: \u201eDass die Klos immer so dreckig waren!\u201c\u00a0 Vincent: \u201eAls es einmal geregnet hat!\u201c Alle haben sich \u00fcber die Froscht\u00f6ter ge\u00e4rgert.<\/p>\n<p>Sonst war noch einiges Spannendes und Spa\u00dfiges geboten. Um uns von der Hitze abzuk\u00fchlen, bauten wir uns kurzerhand eine Wasserrutsche mit Plane und Wasserschlauch. Es war so hei\u00df w\u00e4hrend unserem Zeltlager, dass wir zwischenzeitlich kein Lagerfeuer machen durften, weil Waldbrandgefahr bestand.\u00a0 Viele Kinder entpuppten sich zu sehr talentierten Baumeisterinnen und Baumeistern und in der zweiten Woche hatten wir dann einen richtigen Zeltlagerturm auf unserem Platz. Ein Highlight war der Maskenball, daf\u00fcr bastelten sich alle Kinder und auch die Helferinnen und Helfer tolle Gipsmasken. Und dann feierten wir ein wildes und buntes Fest mit Schwarzlicht und Kost\u00fcmen.<\/p>\n<p>Es gab nat\u00fcrlich auch einige Ger\u00fcchte auf unserem Zeltlager, wisst ihr noch welche? Toni: \u201eNico und Dani haben heimlich geknutscht.\u201c Vincent erz\u00e4hlt, dass in der K\u00fcche der Knoblauch ausgegangen ist, dann haben sie stattdessen Spinnenbeine benutzt und Kindernasen statt Gurken. \u00a0Hier noch einige Ger\u00fcchte aus unserer Zeltlager Zeitung: Ger\u00fcchten zu Folge hatte Nico f\u00fcnf Minuten den Titel \u201es\u00fc\u00dfester Helfer\u201c, aber dann sagte er, dass er Punker ist. Beim Geo-Caching wurde als Schatz nur ekliger gr\u00fcner Glitzer-Schleim gefunden. Eigentlich sind wir nicht auf Zeltlager, sondern bei \u201edie strengsten Eltern der Welt\u201c.<\/p>\n<p>G\u00e4ste hatten wir auch auf unserem Zeltlager, einige Igel verirrten sich in Kinderzelte und sorgten so f\u00fcr n\u00e4chtliches Grauen. Wir h\u00e4tten ja nicht gedacht, dass so ein kleiner Igel im Wald und im Zelt einen so einen riesen Radau machen kann.<\/p>\n<p>N\u00e4chstes Jahr wollen alle wieder mitfahren, da geht\u2019s dann ab an den Chiemsee.<\/p>\n","protected":false},"excerpt":{"rendered":"<p>Falkenzeltlager \u201eWerdet wild und tut sch\u00f6ne Dinge\u201c im \u201eSauloch\u201c bei Coburg vom 7.-21.August mit sau gutem Wetter, tollen Kindern und sau viel Spa\u00df! Vincent, Toni und Dani vom OV-Lichtenhof aus N\u00fcrnberg erz\u00e4hlen vom Zeltlager.<\/p>\n","protected":false},"author":3,"featured_media":0,"comment_status":"open","ping_status":"open","sticky":false,"template":"","format":"standard","meta":{"footnotes":""},"categories":[3],"tags":[],"class_list":["post-38","post","type-post","status-publish","format-standard","hentry","category-presse"],"_links":{"self":[{"href":"https:\/\/www.falken-nuernberg.de\/index.php?rest_route=\/wp\/v2\/posts\/38","targetHints":{"allow":["GET"]}}],"collection":[{"href":"https:\/\/www.falken-nuernberg.de\/index.php?rest_route=\/wp\/v2\/posts"}],"about":[{"href":"https:\/\/www.falken-nuernberg.de\/index.php?rest_route=\/wp\/v2\/types\/post"}],"author":[{"embeddable":true,"href":"https:\/\/www.falken-nuernberg.de\/index.php?rest_route=\/wp\/v2\/users\/3"}],"replies":[{"embeddable":true,"href":"https:\/\/www.falken-nuernberg.de\/index.php?rest_route=%2Fwp%2Fv2%2Fcomments&post=38"}],"version-history":[{"count":7,"href":"https:\/\/www.falken-nuernberg.de\/index.php?rest_route=\/wp\/v2\/posts\/38\/revisions"}],"predecessor-version":[{"id":215,"href":"https:\/\/www.falken-nuernberg.de\/index.php?rest_route=\/wp\/v2\/posts\/38\/revisions\/215"}],"wp:attachment":[{"href":"https:\/\/www.falken-nuernberg.de\/index.php?rest_route=%2Fwp%2Fv2%2Fmedia&parent=38"}],"wp:term":[{"taxonomy":"category","embeddable":true,"href":"https:\/\/www.falken-nuernberg.de\/index.php?rest_route=%2Fwp%2Fv2%2Fcategories&post=38"},{"taxonomy":"post_tag","embeddable":true,"href":"https:\/\/www.falken-nuernberg.de\/index.php?rest_route=%2Fwp%2Fv2%2Ftags&post=38"}],"curies":[{"name":"wp","href":"https:\/\/api.w.org\/{rel}","templated":true}]}}