{"id":3627,"date":"2025-01-30T16:04:22","date_gmt":"2025-01-30T14:04:22","guid":{"rendered":"https:\/\/www.falken-nuernberg.de\/?p=3627"},"modified":"2025-02-06T17:15:39","modified_gmt":"2025-02-06T15:15:39","slug":"nestfalken","status":"publish","type":"post","link":"https:\/\/www.falken-nuernberg.de\/?p=3627","title":{"rendered":"Nestfalken-Gruppe N\u00fcrnberg"},"content":{"rendered":"<p><a href=\"https:\/\/www.falken-nuernberg.de\/wordpress\/wp-content\/uploads\/2025\/01\/Nestfalken-Planungstreffen.png\"><img loading=\"lazy\" decoding=\"async\" class=\"alignnone size-medium wp-image-3628\" src=\"https:\/\/www.falken-nuernberg.de\/wordpress\/wp-content\/uploads\/2025\/01\/Nestfalken-Planungstreffen-300x227.png\" alt=\"\" width=\"300\" height=\"227\" srcset=\"https:\/\/www.falken-nuernberg.de\/wordpress\/wp-content\/uploads\/2025\/01\/Nestfalken-Planungstreffen-300x227.png 300w, https:\/\/www.falken-nuernberg.de\/wordpress\/wp-content\/uploads\/2025\/01\/Nestfalken-Planungstreffen-1024x774.png 1024w, https:\/\/www.falken-nuernberg.de\/wordpress\/wp-content\/uploads\/2025\/01\/Nestfalken-Planungstreffen-768x580.png 768w, https:\/\/www.falken-nuernberg.de\/wordpress\/wp-content\/uploads\/2025\/01\/Nestfalken-Planungstreffen-397x300.png 397w, https:\/\/www.falken-nuernberg.de\/wordpress\/wp-content\/uploads\/2025\/01\/Nestfalken-Planungstreffen.png 1080w\" sizes=\"auto, (max-width: 300px) 100vw, 300px\" \/><\/a><\/p>\n<p>Die Nestfalken treffen sich ab jetzt immer:<br \/>\nDonnerstags von 16:30 bis 18:30 Uhr und<br \/>\nFreitags von 10:00 bis 12:00 Uhr<br \/>\nnoch im &#8222;Blauen-Salon&#8220; (Falken B\u00fcro, Karl-Br\u00f6ger-Str.9),<br \/>\nab w\u00e4rmerem und besserem Wetter dann wieder im Falkenturmgarten.<\/p>\n<p>F\u00fcr Eltern mit Kindern im Alter von 0 bis 4 Jahren &#8211; zum gemeinsamen spielen, singen, austauschen und zum gemeinsamen bew\u00e4ltigen der kapitalistischen Realit\u00e4t.<\/p>\n<p>Info und Anmeldung:\u00a0<a href=\"mailto:buero@falken-nuernberg.de\">buero@falken-nuernberg.de<\/a> oder 0911 443709<\/p>\n","protected":false},"excerpt":{"rendered":"<p>Die Nestfalken treffen sich ab jetzt immer: Donnerstags von 16:30 bis 18:30 Uhr und Freitags von 10:00 bis 12:00 Uhr noch im &#8222;Blauen-Salon&#8220; (Falken B\u00fcro, Karl-Br\u00f6ger-Str.9), ab w\u00e4rmerem und besserem Wetter dann wieder im Falkenturmgarten. F\u00fcr Eltern mit Kindern im &hellip; <a href=\"https:\/\/www.falken-nuernberg.de\/?p=3627\">Weiterlesen <span class=\"meta-nav\">&rarr;<\/span><\/a><\/p>\n","protected":false},"author":9,"featured_media":3628,"comment_status":"closed","ping_status":"closed","sticky":false,"template":"","format":"standard","meta":{"footnotes":""},"categories":[21,1],"tags":[],"class_list":["post-3627","post","type-post","status-publish","format-standard","has-post-thumbnail","hentry","category-aktionen","category-kinder"],"_links":{"self":[{"href":"https:\/\/www.falken-nuernberg.de\/index.php?rest_route=\/wp\/v2\/posts\/3627","targetHints":{"allow":["GET"]}}],"collection":[{"href":"https:\/\/www.falken-nuernberg.de\/index.php?rest_route=\/wp\/v2\/posts"}],"about":[{"href":"https:\/\/www.falken-nuernberg.de\/index.php?rest_route=\/wp\/v2\/types\/post"}],"author":[{"embeddable":true,"href":"https:\/\/www.falken-nuernberg.de\/index.php?rest_route=\/wp\/v2\/users\/9"}],"replies":[{"embeddable":true,"href":"https:\/\/www.falken-nuernberg.de\/index.php?rest_route=%2Fwp%2Fv2%2Fcomments&post=3627"}],"version-history":[{"count":11,"href":"https:\/\/www.falken-nuernberg.de\/index.php?rest_route=\/wp\/v2\/posts\/3627\/revisions"}],"predecessor-version":[{"id":3649,"href":"https:\/\/www.falken-nuernberg.de\/index.php?rest_route=\/wp\/v2\/posts\/3627\/revisions\/3649"}],"wp:featuredmedia":[{"embeddable":true,"href":"https:\/\/www.falken-nuernberg.de\/index.php?rest_route=\/wp\/v2\/media\/3628"}],"wp:attachment":[{"href":"https:\/\/www.falken-nuernberg.de\/index.php?rest_route=%2Fwp%2Fv2%2Fmedia&parent=3627"}],"wp:term":[{"taxonomy":"category","embeddable":true,"href":"https:\/\/www.falken-nuernberg.de\/index.php?rest_route=%2Fwp%2Fv2%2Fcategories&post=3627"},{"taxonomy":"post_tag","embeddable":true,"href":"https:\/\/www.falken-nuernberg.de\/index.php?rest_route=%2Fwp%2Fv2%2Ftags&post=3627"}],"curies":[{"name":"wp","href":"https:\/\/api.w.org\/{rel}","templated":true}]}}