{"id":3620,"date":"2025-01-16T15:39:19","date_gmt":"2025-01-16T13:39:19","guid":{"rendered":"https:\/\/www.falken-nuernberg.de\/?p=3620"},"modified":"2025-01-21T11:10:33","modified_gmt":"2025-01-21T09:10:33","slug":"lust-auf-zeltlager-aber-schon-zu-gross","status":"publish","type":"post","link":"https:\/\/www.falken-nuernberg.de\/?p=3620","title":{"rendered":"Lust auf Zeltlager aber schon zu gro\u00df?"},"content":{"rendered":"<p><strong>Dann komm mit als Helfer*in auf unser Sommercamp!<\/strong><br \/>\nWie jeden Sommer fahren wir Falken auch 2025 auf unser Zeltlager. <strong>Vom 2. bis 15. August<\/strong> geht\u2019s mit dem Motto \u201eKomm in unser Edelwei\u00dfpirat*innenlager &#8211; Gegen den Faschismus f\u00fcr alle Zeit!\u201c mit allen Falken aus ganz Bayern nach Schwangau im Allg\u00e4u. Uns erwartet eine sch\u00f6ne Landschaft mit Fl\u00fcssen, Seen, Bergen und vielen K\u00fchen. Zwei Wochen lang leben wir dort in Zelten zusammen, bauen, spielen und planschen, diskutieren und sprechen \u00fcber Dinge, die uns besch\u00e4ftigen, kochen gemeinsam und haben eine sch\u00f6ne Zeit.<\/p>\n<p><strong>Du m\u00f6chtest dich politisch organisieren?<\/strong><br \/>\nDu unterst\u00fctzt Kinder- und Jugendarbeit? Dann komm doch zu uns Falken! Wir bieten dir zwei supi Wochen in Schwangau, eine mehrteilige Helfischulung, in der wir uns in sozialistischer Erziehung und der Falkenp\u00e4dagogik schulen und Erfahrungen in der theoretischen und praktischen politischen Arbeit mit Kindern und Jugendlichen.<\/p>\n<p style=\"text-align: left;\"><em><a href=\"https:\/\/simonssh.ddns.net\/nextcloud\/apps\/forms\/s\/SXpff8SJ4B2kt3TqYX8pocMa\" target=\"_blank\" rel=\"noopener\">Hier anmelden!<\/a><\/em><\/p>\n<p><!--more--><strong>Wann, Wo, Was?<\/strong><br \/>\nDas Sommercamp findet vom Samstag, den 02.08.2025 bis Freitag, den 15.08.2025 auf dem Falken-Zeltlagerplatz in Schwangau statt.<\/p>\n<p><strong>Was kostet\u2019s?<\/strong><br \/>\nF\u00fcr Mitglieder kostet\u2018s 155 Euro, f\u00fcr alle anderen 185 Euro. Darin enthalten sind Hin- und R\u00fcckfahrt, Voll-Verpflegung und Unterkunft in Mehrpersonenschlafzelten.<\/p>\n<p><strong>Termine f\u00fcr verpflichtende Vorbereitungsseminare:<\/strong><br \/>\n1. ZVS (online): Sonntag, 2. M\u00e4rz 2025<br \/>\n2. ZVS: 25. bis 27. April 2025<br \/>\n3. Kollektivwochenende: 13. bis 15. Juni 2025<br \/>\n4. Nachbereitung: 17. Bis 19.Oktober 2025<\/p>\n<p><strong>Wer sind eigentlich Falken?<\/strong><br \/>\nDie Sozialistische Jugend \u2013 Die Falken ist ein unabh\u00e4ngiger und selbstorganisierter politisch-p\u00e4dagogischer Kinder- und Jugendverband.<br \/>\nTeilhabe Aller, Mitbestimmung und Selbstorganisation sind grundlegende Prinzipien unserer Arbeit. Wir sind gegen Ausbeutung und Unterdr\u00fcckung und organisieren uns f\u00fcr die Interessen von Arbeiterkindern und jungen Menschen. Wir lehnen den Kapitalismus samt seinen Ideologien (z.B. Rassismus, Sexismus, Nationalismus, Antisemitismus, etc.) ab und wollen ihn \u00fcberwinden. Deshalb k\u00f6nnen sich Kinder und Jugendliche bei uns ohne Zwang mit ihrer Umwelt und ihren Lebensumst\u00e4nden auseinandersetzen und gemeinsam lernen, wie man sich organisiert.<\/p>\n","protected":false},"excerpt":{"rendered":"<p>Dann komm mit als Helfer*in auf unser Sommercamp! Wie jeden Sommer fahren wir Falken auch 2025 auf unser Zeltlager. Vom 2. bis 15. August geht\u2019s mit dem Motto \u201eKomm in unser Edelwei\u00dfpirat*innenlager &#8211; Gegen den Faschismus f\u00fcr alle Zeit!\u201c mit &hellip; <a href=\"https:\/\/www.falken-nuernberg.de\/?p=3620\">Weiterlesen <span class=\"meta-nav\">&rarr;<\/span><\/a><\/p>\n","protected":false},"author":9,"featured_media":3563,"comment_status":"closed","ping_status":"closed","sticky":false,"template":"","format":"standard","meta":{"footnotes":""},"categories":[1],"tags":[],"class_list":["post-3620","post","type-post","status-publish","format-standard","has-post-thumbnail","hentry","category-kinder"],"_links":{"self":[{"href":"https:\/\/www.falken-nuernberg.de\/index.php?rest_route=\/wp\/v2\/posts\/3620","targetHints":{"allow":["GET"]}}],"collection":[{"href":"https:\/\/www.falken-nuernberg.de\/index.php?rest_route=\/wp\/v2\/posts"}],"about":[{"href":"https:\/\/www.falken-nuernberg.de\/index.php?rest_route=\/wp\/v2\/types\/post"}],"author":[{"embeddable":true,"href":"https:\/\/www.falken-nuernberg.de\/index.php?rest_route=\/wp\/v2\/users\/9"}],"replies":[{"embeddable":true,"href":"https:\/\/www.falken-nuernberg.de\/index.php?rest_route=%2Fwp%2Fv2%2Fcomments&post=3620"}],"version-history":[{"count":5,"href":"https:\/\/www.falken-nuernberg.de\/index.php?rest_route=\/wp\/v2\/posts\/3620\/revisions"}],"predecessor-version":[{"id":3625,"href":"https:\/\/www.falken-nuernberg.de\/index.php?rest_route=\/wp\/v2\/posts\/3620\/revisions\/3625"}],"wp:featuredmedia":[{"embeddable":true,"href":"https:\/\/www.falken-nuernberg.de\/index.php?rest_route=\/wp\/v2\/media\/3563"}],"wp:attachment":[{"href":"https:\/\/www.falken-nuernberg.de\/index.php?rest_route=%2Fwp%2Fv2%2Fmedia&parent=3620"}],"wp:term":[{"taxonomy":"category","embeddable":true,"href":"https:\/\/www.falken-nuernberg.de\/index.php?rest_route=%2Fwp%2Fv2%2Fcategories&post=3620"},{"taxonomy":"post_tag","embeddable":true,"href":"https:\/\/www.falken-nuernberg.de\/index.php?rest_route=%2Fwp%2Fv2%2Ftags&post=3620"}],"curies":[{"name":"wp","href":"https:\/\/api.w.org\/{rel}","templated":true}]}}