{"id":3528,"date":"2024-04-16T13:36:48","date_gmt":"2024-04-16T11:36:48","guid":{"rendered":"https:\/\/www.falken-nuernberg.de\/?p=3528"},"modified":"2024-04-16T13:54:19","modified_gmt":"2024-04-16T11:54:19","slug":"komm-mit-ins-falken-zeltlager","status":"publish","type":"post","link":"https:\/\/www.falken-nuernberg.de\/?p=3528","title":{"rendered":"Komm mit ins Falken-Zeltlager!"},"content":{"rendered":"<p><a href=\"https:\/\/www.falken-nuernberg.de\/wordpress\/wp-content\/uploads\/2024\/04\/csm_Falken_Bayern_Zeltlagerausschreibung_2024-Titelbild_57a79ae53b.jpg\"><img loading=\"lazy\" decoding=\"async\" class=\"wp-image-3529 alignright\" src=\"https:\/\/www.falken-nuernberg.de\/wordpress\/wp-content\/uploads\/2024\/04\/csm_Falken_Bayern_Zeltlagerausschreibung_2024-Titelbild_57a79ae53b.jpg\" alt=\"\" width=\"165\" height=\"236\" \/><\/a>Wie jeden Sommer fahren wir Falken auch 2024 auf unser Sommer-Zeltlager. Diesmal geht\u2019s wieder mit Falken aus ganz Bayern nach <a title=\"Hier klicken um auf die Website vom Zeltplatz zu gelangen.\" href=\"http:\/\/www.falkencamp-schwangau.de\/startseite.html\" target=\"_blank\" rel=\"noopener\">Schwangau im Allg\u00e4u<\/a>. Uns erwartet eine sch\u00f6ne Landschaft mit Fl\u00fcssen, Seen, Bergen und vielen K\u00fchen. Zwei Wochen lang leben wir dort in Zelten zusammen, bauen, spielen und planschen, diskutieren und sprechen \u00fcber Dinge, die uns besch\u00e4ftigen, kochen gemeinsam, toben uns mal so richtig aus und haben eine sch\u00f6ne Zeit\u2026<\/p>\n<p>Komm doch mit!<\/p>\n<p>Download: <a href=\"https:\/\/www.falken-nuernberg.de\/wordpress\/wp-content\/uploads\/2024\/04\/23_24_Falken_Bayern_Zeltlagerflyer-online.pdf\" target=\"_blank\" rel=\"noopener\"><strong>Ausschreibung und Anmeldung Zeltlager 2024<\/strong><\/a><\/p>\n","protected":false},"excerpt":{"rendered":"<p>Wie jeden Sommer fahren wir Falken auch 2024 auf unser Sommer-Zeltlager. Diesmal geht\u2019s wieder mit Falken aus ganz Bayern nach Schwangau im Allg\u00e4u. Uns erwartet eine sch\u00f6ne Landschaft mit Fl\u00fcssen, Seen, Bergen und vielen K\u00fchen. Zwei Wochen lang leben wir &hellip; <a href=\"https:\/\/www.falken-nuernberg.de\/?p=3528\">Weiterlesen <span class=\"meta-nav\">&rarr;<\/span><\/a><\/p>\n","protected":false},"author":6,"featured_media":0,"comment_status":"closed","ping_status":"closed","sticky":false,"template":"","format":"standard","meta":{"footnotes":""},"categories":[22,20,1],"tags":[],"class_list":["post-3528","post","type-post","status-publish","format-standard","hentry","category-ausschreibungen","category-jugendliche","category-kinder"],"_links":{"self":[{"href":"https:\/\/www.falken-nuernberg.de\/index.php?rest_route=\/wp\/v2\/posts\/3528","targetHints":{"allow":["GET"]}}],"collection":[{"href":"https:\/\/www.falken-nuernberg.de\/index.php?rest_route=\/wp\/v2\/posts"}],"about":[{"href":"https:\/\/www.falken-nuernberg.de\/index.php?rest_route=\/wp\/v2\/types\/post"}],"author":[{"embeddable":true,"href":"https:\/\/www.falken-nuernberg.de\/index.php?rest_route=\/wp\/v2\/users\/6"}],"replies":[{"embeddable":true,"href":"https:\/\/www.falken-nuernberg.de\/index.php?rest_route=%2Fwp%2Fv2%2Fcomments&post=3528"}],"version-history":[{"count":2,"href":"https:\/\/www.falken-nuernberg.de\/index.php?rest_route=\/wp\/v2\/posts\/3528\/revisions"}],"predecessor-version":[{"id":3532,"href":"https:\/\/www.falken-nuernberg.de\/index.php?rest_route=\/wp\/v2\/posts\/3528\/revisions\/3532"}],"wp:attachment":[{"href":"https:\/\/www.falken-nuernberg.de\/index.php?rest_route=%2Fwp%2Fv2%2Fmedia&parent=3528"}],"wp:term":[{"taxonomy":"category","embeddable":true,"href":"https:\/\/www.falken-nuernberg.de\/index.php?rest_route=%2Fwp%2Fv2%2Fcategories&post=3528"},{"taxonomy":"post_tag","embeddable":true,"href":"https:\/\/www.falken-nuernberg.de\/index.php?rest_route=%2Fwp%2Fv2%2Ftags&post=3528"}],"curies":[{"name":"wp","href":"https:\/\/api.w.org\/{rel}","templated":true}]}}