{"id":3511,"date":"2024-03-13T15:30:04","date_gmt":"2024-03-13T13:30:04","guid":{"rendered":"https:\/\/www.falken-nuernberg.de\/?p=3511"},"modified":"2024-07-22T11:02:04","modified_gmt":"2024-07-22T09:02:04","slug":"dein-beitrag-fuer-sozialistische-bildung-werde-foerdermitglied-im-unterbezirk","status":"publish","type":"post","link":"https:\/\/www.falken-nuernberg.de\/?p=3511","title":{"rendered":"Dein Beitrag f\u00fcr sozialistische Bildung? Werde F\u00f6rdermitglied im Unterbezirk!"},"content":{"rendered":"<p><a href=\"https:\/\/www.falken-nuernberg.de\/wordpress\/wp-content\/uploads\/2024\/03\/F-Freunde.png\"><img loading=\"lazy\" decoding=\"async\" class=\"alignleft wp-image-3512\" src=\"https:\/\/www.falken-nuernberg.de\/wordpress\/wp-content\/uploads\/2024\/03\/F-Freunde.png\" alt=\"\" width=\"217\" height=\"129\" \/><\/a>Um die verbandliche Kinder- und Jugendarbeit ist es nicht gut bestellt. Auf allen Ebenen werden die Zusch\u00fcsse seit Jahren nicht erh\u00f6ht \u2013 wenn nicht sogar gek\u00fcrzt. Zuletzt wurde der Kinder- und Jugendplan des Bundes massiv zusammen gestrichen \u2013 \u201eKriegstauglichkeit\u201c scheint wichtiger zu sein, als die verbandliche Kinder- und Jugendarbeit. Massive Kostensteigerungen durch Inflation oder steigende Lohnkosten durch dringend notwendige und gute Tarifabschl\u00fcsse scheint es \u00fcberall zu geben \u2013 nach Ansicht von Entscheidungstr\u00e4gern in Politik und Verwaltung aber scheinbar nicht in der verbandlichen Kinder- und Jugendarbeit!<\/p>\n<p><!--more--><\/p>\n<p><a href=\"https:\/\/www.falken-nuernberg.de\/wordpress\/wp-content\/uploads\/2024\/03\/Freundschaft-scaled.jpg\"><img loading=\"lazy\" decoding=\"async\" class=\"alignleft size-large wp-image-3514\" src=\"https:\/\/www.falken-nuernberg.de\/wordpress\/wp-content\/uploads\/2024\/03\/Freundschaft-1024x725.jpg\" alt=\"\" width=\"584\" height=\"413\" srcset=\"https:\/\/www.falken-nuernberg.de\/wordpress\/wp-content\/uploads\/2024\/03\/Freundschaft-1024x725.jpg 1024w, https:\/\/www.falken-nuernberg.de\/wordpress\/wp-content\/uploads\/2024\/03\/Freundschaft-300x212.jpg 300w, https:\/\/www.falken-nuernberg.de\/wordpress\/wp-content\/uploads\/2024\/03\/Freundschaft-768x544.jpg 768w, https:\/\/www.falken-nuernberg.de\/wordpress\/wp-content\/uploads\/2024\/03\/Freundschaft-1536x1087.jpg 1536w, https:\/\/www.falken-nuernberg.de\/wordpress\/wp-content\/uploads\/2024\/03\/Freundschaft-2048x1450.jpg 2048w, https:\/\/www.falken-nuernberg.de\/wordpress\/wp-content\/uploads\/2024\/03\/Freundschaft-424x300.jpg 424w\" sizes=\"auto, (max-width: 584px) 100vw, 584px\" \/><\/a>Im Gegensatz zu anderen gro\u00dfen Verb\u00e4nden haben wir Falken auch keinen \u201eMutterverband\u201c, der uns in irgendeiner Form unterst\u00fctzen k\u00f6nnten \u2013 sei es \u00fcber finanzielle Zusch\u00fcsse oder durch eigene, ohnehin vorhandene R\u00e4umlichkeit f\u00fcr unsere Gruppenarbeit. Wir m\u00fcssen alles auf dem \u201efreien Markt\u201c teuer anmieten und die Kosten daf\u00fcr z.B. zu 60% auch selbst tragen. Auch unser Selbstversorgerhaus Otto-Felix-Kanitz\u00a0 in N\u00fcrnberg muss ab Mitte 2025 f\u00fcr dringende Renovierungen schlie\u00dfen, wodurch relevante Einnahmen unserer Eigenmittel f\u00fcr mindesten sechs Monate komplett wegbrechen werden.<\/p>\n<p>Wir wissen, dass Inflation und Kostensteigerungen in allen Bereichen bestimmt auch an Dir nicht spurlos vor\u00fcber ziehen, hoffen aber dennoch auf Unterst\u00fctzung in Rahmen deiner individuellen M\u00f6glichkeiten. Vielleicht verbindest Du sogar noch viele positive Erinnerungen mit deiner Zeit, Teilnahme und Engagement auf unseren Zeltlagern oder in Gruppenstunden. Wir wollen jedenfalls auch weiterhin f\u00fcr viele Generationen diese Gegenwelterfahrungen schaffen, gerade in Zeiten eines offensichtlichen Rechtsrucks in Politik und Gesellschaft. Wir wollen Diskriminierung und Konkurrenz auch weiterhin unsere Vorstellungen von Solidarit\u00e4t und sozialistischer Erziehung zu kritischen und selbst bestimmten Menschen entgegen stellen. Damit dies nicht am Geld scheitert, sind wir jetzt auf Dich, deine Eltern, deine Oma, deinen Opa oder gerne auch deine Tante angewiesen!<\/p>\n<p>Du m\u00f6chtest jetzt F\u00f6rdermitglied werden? Im weiteren findest du alle Formulare daf\u00fcr, einfach ausf\u00fcllen (lassen), unterschreiben (lassen) und per Post, Fax oder Mail zur\u00fcck an den Unterbezirk.<\/p>\n<p><a href=\"https:\/\/www.falken-nuernberg.de\/wordpress\/wp-content\/uploads\/2024\/03\/Aufnahmeschein_2022_Foerdermitgliedschaft_SEPA.pdf\" target=\"_blank\" rel=\"noopener\"><strong>Formular F\u00f6rdermitgliedschaft mit SEPA-Lastschrift Mandat<\/strong><\/a><br \/>\n<a href=\"https:\/\/www.falken-nuernberg.de\/wordpress\/wp-content\/uploads\/2024\/03\/Informationspflichten-DSGVO-UB-Nuernberg.pdf\" target=\"_blank\" rel=\"noopener\">Informationspflicht nach der DSGVO<\/a><\/p>\n<p><strong>per Post:<\/strong><br \/>\nSJD-Die Falken UB N\u00fcrnberg<br \/>\nCeltisstr. 8<br \/>\n90459 N\u00fcrnberg<br \/>\n<strong>Per Mail:<\/strong> buero@falken-nuernberg.de<br \/>\n<strong>Per Fax:<\/strong> 0911\/455171<\/p>\n","protected":false},"excerpt":{"rendered":"<p>Um die verbandliche Kinder- und Jugendarbeit ist es nicht gut bestellt. Auf allen Ebenen werden die Zusch\u00fcsse seit Jahren nicht erh\u00f6ht \u2013 wenn nicht sogar gek\u00fcrzt. Zuletzt wurde der Kinder- und Jugendplan des Bundes massiv zusammen gestrichen \u2013 \u201eKriegstauglichkeit\u201c scheint &hellip; <a href=\"https:\/\/www.falken-nuernberg.de\/?p=3511\">Weiterlesen <span class=\"meta-nav\">&rarr;<\/span><\/a><\/p>\n","protected":false},"author":6,"featured_media":0,"comment_status":"closed","ping_status":"closed","sticky":false,"template":"","format":"standard","meta":{"footnotes":""},"categories":[21,20,1],"tags":[],"class_list":["post-3511","post","type-post","status-publish","format-standard","hentry","category-aktionen","category-jugendliche","category-kinder"],"_links":{"self":[{"href":"https:\/\/www.falken-nuernberg.de\/index.php?rest_route=\/wp\/v2\/posts\/3511","targetHints":{"allow":["GET"]}}],"collection":[{"href":"https:\/\/www.falken-nuernberg.de\/index.php?rest_route=\/wp\/v2\/posts"}],"about":[{"href":"https:\/\/www.falken-nuernberg.de\/index.php?rest_route=\/wp\/v2\/types\/post"}],"author":[{"embeddable":true,"href":"https:\/\/www.falken-nuernberg.de\/index.php?rest_route=\/wp\/v2\/users\/6"}],"replies":[{"embeddable":true,"href":"https:\/\/www.falken-nuernberg.de\/index.php?rest_route=%2Fwp%2Fv2%2Fcomments&post=3511"}],"version-history":[{"count":4,"href":"https:\/\/www.falken-nuernberg.de\/index.php?rest_route=\/wp\/v2\/posts\/3511\/revisions"}],"predecessor-version":[{"id":3519,"href":"https:\/\/www.falken-nuernberg.de\/index.php?rest_route=\/wp\/v2\/posts\/3511\/revisions\/3519"}],"wp:attachment":[{"href":"https:\/\/www.falken-nuernberg.de\/index.php?rest_route=%2Fwp%2Fv2%2Fmedia&parent=3511"}],"wp:term":[{"taxonomy":"category","embeddable":true,"href":"https:\/\/www.falken-nuernberg.de\/index.php?rest_route=%2Fwp%2Fv2%2Fcategories&post=3511"},{"taxonomy":"post_tag","embeddable":true,"href":"https:\/\/www.falken-nuernberg.de\/index.php?rest_route=%2Fwp%2Fv2%2Ftags&post=3511"}],"curies":[{"name":"wp","href":"https:\/\/api.w.org\/{rel}","templated":true}]}}