{"id":3488,"date":"2023-11-09T14:06:53","date_gmt":"2023-11-09T12:06:53","guid":{"rendered":"https:\/\/www.falken-nuernberg.de\/?p=3488"},"modified":"2024-02-07T14:21:46","modified_gmt":"2024-02-07T12:21:46","slug":"fuer-viel-mehr-verherrlichung-ders-antifaschismus","status":"publish","type":"post","link":"https:\/\/www.falken-nuernberg.de\/?p=3488","title":{"rendered":"F\u00fcr viel mehr Verherrlichung der(s) Antifa(schismus) \u2013 in N\u00fcrnberg und \u00dcberall!"},"content":{"rendered":"<div id=\"attachment_3489\" style=\"width: 259px\" class=\"wp-caption alignleft\"><a href=\"https:\/\/www.falken-nuernberg.de\/wordpress\/wp-content\/uploads\/2024\/02\/AlleAntifa.jpeg\"><img loading=\"lazy\" decoding=\"async\" aria-describedby=\"caption-attachment-3489\" class=\"wp-image-3489\" src=\"https:\/\/www.falken-nuernberg.de\/wordpress\/wp-content\/uploads\/2024\/02\/AlleAntifa-1024x1024.jpeg\" alt=\"\" width=\"249\" height=\"249\" srcset=\"https:\/\/www.falken-nuernberg.de\/wordpress\/wp-content\/uploads\/2024\/02\/AlleAntifa-1024x1024.jpeg 1024w, https:\/\/www.falken-nuernberg.de\/wordpress\/wp-content\/uploads\/2024\/02\/AlleAntifa-300x300.jpeg 300w, https:\/\/www.falken-nuernberg.de\/wordpress\/wp-content\/uploads\/2024\/02\/AlleAntifa-150x150.jpeg 150w, https:\/\/www.falken-nuernberg.de\/wordpress\/wp-content\/uploads\/2024\/02\/AlleAntifa-768x768.jpeg 768w, https:\/\/www.falken-nuernberg.de\/wordpress\/wp-content\/uploads\/2024\/02\/AlleAntifa.jpeg 1080w\" sizes=\"auto, (max-width: 249px) 100vw, 249px\" \/><\/a><p id=\"caption-attachment-3489\" class=\"wp-caption-text\">In N\u00fcrnberg hat sich zur Unterst\u00fctzung der Betroffen einen Solikreis gebildet, der unter anderem zu Spenden aufruft: IBAN DE85 4306 0967 4007 2383 59, GENODEM1GLS, GLS Bank e.G. Betreff:\u201eWirsindalleAntifa\u201c<\/p><\/div>\n<p>Es ist Angesichts der gesellschaftlichen Verh\u00e4ltnisse &#8211; nicht nur wegen des Abschneidens der AfD bei der bayerischen Landtagswahl \u2013 nur folgerichtig, wenn der KJR N\u00fcrnberg Stadt als eines seiner prim\u00e4ren Aufgaben f\u00fcr 2024 die St\u00e4rkung der Demokratie und den Kampf gegen Rechtsextremismus und Rechtspopulismus sieht. Sich dabei auf die vermeintlichen Errungenschaften einer demokratischen Gesellschaft innerhalb eines kapitalistischen Systems auszuruhen oder gar zu verlassen, wird daf\u00fcr aber nicht mehr ausreichen. Nicht nur die letzten Repressionen gegen\u00fcber Antifaschist*innen in N\u00fcrnberg lassen mehr und mehr begr\u00fcndete Zweifel daran aufkommen, ob dieses Ziel gesellschaftlich betrachtet \u00fcberhaupt noch gew\u00fcnscht ist \u2013 gerade bei Menschen die eigentlich davon \u00fcberzeugt sind.<\/p>\n<p><!--more--><\/p>\n<p>Wenn Staatsanw\u00e4lt*innen und Richter*innen im Schulterschluss mit der Polizei Haust\u00fcren von Antifaschist*innen eintreten lassen \u2013 wie am 11. Oktober 2023 in N\u00fcrnberg geschehen- diese gefesselt und teilweise mit scharfen Schusswaffen bedroht werden, dann stimmt innerhalb einer demokratischen Gesellschaft etwas nicht mehr. Wenn dabei konstruiert wird dies auf Grundlage des \u00a7129 StGB &#8211; also der Bildung einer kriminellen Vereinigung &#8211; zu legitimieren, ist nicht nur das politische Koordinatensystem dieser demokratischen Gesellschaft durcheinandergekommen. \u00a0Wie anders soll ein solcher Vorgang verstanden werden, als die unmissverst\u00e4ndliche Aussage des demokratischen Rechtsstaates \u2013 mindestens Teilen davon &#8211; wen es einzusch\u00fcchtern gilt, wer als Bedrohung gesehen wird und wer bek\u00e4mpft werden muss: Antifaschistische Jugendliche und (junge) Erwachsene, die (schlimmsten Falls) vermeintlich f\u00fcr Graffiti im Stadtbild verantwortlich sind \u2013 wenn \u00fcberhaupt.<\/p>\n<p>Wenn dies auf Grundlage eines der \u201esch\u00e4rfsten Schwerter\u201c der sich als \u201edemokratischer Rechtsaat\u201c bezeichneten Gesellschaft geschieht, das zur Bek\u00e4mpfung schwerster Verbrechen und der organisierten Kriminalit\u00e4t geschaffen wurde, werden Zweifel an Ausrichtung und Funktionsf\u00e4higkeit dieses Rechtsstaates geweckt. Manche f\u00fchlen sich mitunter an ganz andere Zeiten erinnert. Die \u201eVerherrlichung des Nationalsozialismus\u201c ist v\u00f6llig zurecht nach 1945 zu einem Straftatbestand geworden \u2013 die Gr\u00fcnde m\u00fcssen an dieser Stelle bestimmt nicht im Detail dargestellt werden, \u00fcber sechs Millionen ermordete J\u00fcdinnen und Juden sind Grund genug. Jetzt 85 Jahre nach dem 9.\/10. November 1938 von einer \u201eVerherrlichung des Antifaschismus\u201c als Straftatbestand zu lamentieren und dies ernsthaft zur legitimen Grundlage von Repression zu erkl\u00e4ren, ist bei Weitem viel mehr als \u201enur\u201c geschichtsvergessen.<\/p>\n<p>Dadurch finden genau jene Kreise, politische Parteien und Ideologien Best\u00e4rkung in ihrem Reden und\u00a0 Handeln, die aktuell wieder Davidsterne an Wohnungst\u00fcren schmieren und (vermeintlich) j\u00fcdische Menschen auf der Stra\u00dfe oder auf Schulh\u00f6fen angreifen. Es best\u00e4rkt deutsche Nazis, rechtspopulistische Parteien, Vereine und Vertreter*innen einer Ideologie des Politischen Islam gleicherma\u00dfen in ihrem Tun. Auch dieser ist eine zutiefst menschenverachtende, antidemokratische, frauenfeindliche und antisemitische Ideologie, deren Manifestation sich nicht nur in \u201eallahu akbar\u201c- Geschrei in deutschen St\u00e4dten Bahnen bricht. Das Pogrom der Hamas vom 7. Oktober an \u00fcber 1500 J\u00fcdinnen und Juden innerhalb weniger Stunden ist nur ein Beispiel daf\u00fcr und eines der schlimmsten Massaker an J\u00fcdinnen und Juden nach der Shoa, ein antisemitischer Terroranschlag, der auch auf deutschen Stra\u00dfen bejubelt und gefeiert wurde \u2013 bei weitem nicht nur von Teilen der islamischen Community, die davor viel zu lange die Augen verschlossen hat, auch in Ihren Jugendverb\u00e4nden.<\/p>\n<p>Es braucht daher nicht (nur) die St\u00e4rkung der Demokratie und der Frage, was eine demokratische Gesellschaft \u00fcberhaupt ausmacht. Es braucht vielmehr ein klares Bekenntnis zu einem wehrhaften, gesellschaftlichen Antifaschismus, der St\u00e4rkung antifaschistischer Jugendstrukturen, der Verankerung von Antifaschismus in den Verb\u00e4nden sowie der Unterst\u00fctzung und Solidarit\u00e4t mit antifaschistischen Jugendlichen und (jungen)Erwachsenen &#8211; wo auch immer diese mit Repression im Namen eines demokratischen Rechtsstaats \u00fcbersch\u00fcttet werden. Gesellschaftlich bedarf es in den Verb\u00e4nden und Jugendorganisationen der Bek\u00e4mpfung von Antisemitismus, Faschismus, Rassismus und aller Spielarten gruppenbezogener Menschenfeindlichkeit \u2013 in N\u00fcrnberg und \u00dcberall. Es bedarf einer P\u00e4dagogik und politischen Jugendbildung, die sich genau dies zum Grundsatz ihres Agierens und Handelns macht, ohne \u201eWenn und Aber\u201c. Wenn aus dem Grundsatz \u201eNie wieder!\u201c ein \u201eJa aber\u201c wird, hat nicht nur die Demokratie verloren.<\/p>\n<p>Florian T\u00e4uber<br \/>\n(Bildungsreferent SJD-Die Falken Unterbezirk N\u00fcrnberg, Sozialp\u00e4dagoge (M.A.), Pr\u00e4vention Berater gegen Rechtsextremismus \u2013 Geschlechterbilder in Neonazismus)<\/p>\n","protected":false},"excerpt":{"rendered":"<p>Es ist Angesichts der gesellschaftlichen Verh\u00e4ltnisse &#8211; nicht nur wegen des Abschneidens der AfD bei der bayerischen Landtagswahl \u2013 nur folgerichtig, wenn der KJR N\u00fcrnberg Stadt als eines seiner prim\u00e4ren Aufgaben f\u00fcr 2024 die St\u00e4rkung der Demokratie und den Kampf &hellip; <a href=\"https:\/\/www.falken-nuernberg.de\/?p=3488\">Weiterlesen <span class=\"meta-nav\">&rarr;<\/span><\/a><\/p>\n","protected":false},"author":6,"featured_media":0,"comment_status":"closed","ping_status":"closed","sticky":false,"template":"","format":"standard","meta":{"footnotes":""},"categories":[21,20,1,3],"tags":[],"class_list":["post-3488","post","type-post","status-publish","format-standard","hentry","category-aktionen","category-jugendliche","category-kinder","category-presse"],"_links":{"self":[{"href":"https:\/\/www.falken-nuernberg.de\/index.php?rest_route=\/wp\/v2\/posts\/3488","targetHints":{"allow":["GET"]}}],"collection":[{"href":"https:\/\/www.falken-nuernberg.de\/index.php?rest_route=\/wp\/v2\/posts"}],"about":[{"href":"https:\/\/www.falken-nuernberg.de\/index.php?rest_route=\/wp\/v2\/types\/post"}],"author":[{"embeddable":true,"href":"https:\/\/www.falken-nuernberg.de\/index.php?rest_route=\/wp\/v2\/users\/6"}],"replies":[{"embeddable":true,"href":"https:\/\/www.falken-nuernberg.de\/index.php?rest_route=%2Fwp%2Fv2%2Fcomments&post=3488"}],"version-history":[{"count":3,"href":"https:\/\/www.falken-nuernberg.de\/index.php?rest_route=\/wp\/v2\/posts\/3488\/revisions"}],"predecessor-version":[{"id":3506,"href":"https:\/\/www.falken-nuernberg.de\/index.php?rest_route=\/wp\/v2\/posts\/3488\/revisions\/3506"}],"wp:attachment":[{"href":"https:\/\/www.falken-nuernberg.de\/index.php?rest_route=%2Fwp%2Fv2%2Fmedia&parent=3488"}],"wp:term":[{"taxonomy":"category","embeddable":true,"href":"https:\/\/www.falken-nuernberg.de\/index.php?rest_route=%2Fwp%2Fv2%2Fcategories&post=3488"},{"taxonomy":"post_tag","embeddable":true,"href":"https:\/\/www.falken-nuernberg.de\/index.php?rest_route=%2Fwp%2Fv2%2Ftags&post=3488"}],"curies":[{"name":"wp","href":"https:\/\/api.w.org\/{rel}","templated":true}]}}