{"id":3484,"date":"2023-09-01T14:02:07","date_gmt":"2023-09-01T12:02:07","guid":{"rendered":"https:\/\/www.falken-nuernberg.de\/?p=3484"},"modified":"2024-02-07T14:06:35","modified_gmt":"2024-02-07T12:06:35","slug":"fuchscamp-schwangau-wir-holen-uns-die-gans-reichen","status":"publish","type":"post","link":"https:\/\/www.falken-nuernberg.de\/?p=3484","title":{"rendered":"Fuchscamp Schwangau- wir holen uns die Gans Reichen."},"content":{"rendered":"<p>Dieses Jahr sind wir Falken aus N\u00fcrnberg mit den Falken aus ganz Bayern ins Zeltlager gefahren. Wir waren 150 Menschen, die gemeinsam gegessen, gelebt und sich weitergebildet haben. Im sch\u00f6nen Allg\u00e4u in Schwangau hatten wir vom 5. bis 18. August zwei Wochen eine Auszeit von den anstrengenden, unfairen und unsolidarischen Verh\u00e4ltnissen in unserer Gesellschaft und alle halfen mit, das Lager aufzubauen und zu organisieren. Unser Zeltalger stand unter dem Motto: Fuchscamp Schwangau- wir hol<a style=\"text-decoration-line: underline;\" href=\"https:\/\/www.falken-nuernberg.de\/wordpress\/wp-content\/uploads\/2024\/02\/Foto-zensiert-scaled.jpg\"><img loading=\"lazy\" decoding=\"async\" class=\"alignleft wp-image-3485\" style=\"border-color: #bbbbbb; background: #eeeeee;\" src=\"https:\/\/www.falken-nuernberg.de\/wordpress\/wp-content\/uploads\/2024\/02\/Foto-zensiert-768x1024.jpg\" alt=\"\" width=\"329\" height=\"436\" \/><\/a>en uns die Gans reichen. Das Motto haben wir gew\u00e4hlt, weil wir Falken finden, dass das Geld und die Ressourcen auf der Welt unfair verteilt sind und daf\u00fcr k\u00e4mpfen, dass sich das \u00e4ndert. \u00a0Das haben wir unter anderen in Workshops gelernt. Neben Workshops dar\u00fcber, warum die Armen arm und die Reichen reich sind haben wir auch dar\u00fcber gesprochen wer die Falken eigentlich sind und wie lange es sie schon gibt und welche Werte und Ziele wir haben. Au\u00dferdem ging es in einem Workshop darum, wieso Menschen fliehen und wie das ist aus seinem Heimatland in ein anderes Land gehen zu m\u00fcssen. In geschlechtergetrennten Workshops ging es um die K\u00f6rper von M\u00e4dchen und Jungen und wie diese sich in der Pubert\u00e4t ver\u00e4ndern. In sportlichen und kreativen Workshops wurde zum Beispiel get\u00f6pfert, Fu\u00dfball gespielt, N\u00e4gel lackiert und geboxt.<\/p>\n<p><!--more--><\/p>\n<p>&nbsp;<\/p>\n<p>Der Lagerrat auf dem Zeltlager hat die Teilnehmenden dazu bef\u00e4higt, sich in das Zeltlagergeschehen durch ihre Vorschl\u00e4ge und Stimme einzubringen und mitzugestalten. Zum Beispiel wurden die Bettgehzeiten diskutiert und abgestimmt und es gab den Vorschlag einen Baum f\u00fcr mehr Schatten auf dem Zeltlagergel\u00e4nde in Schwangau zu pflanzen. Das Vertrauensteam wurde im Vorhinein bei den Zeltlagervorbereitungen gew\u00e4hlt. Auf dem Zeltlager waren zwei Helfis<a href=\"#_ftn1\" name=\"_ftnref1\">[1]<\/a>, ein Mann und eine Frau, f\u00fcr die Pr\u00e4vention sexualisierter Gewalt und dem Umgang und der Pr\u00e4vention von anderem benachteiligendem und \u00fcbergriffigen Verhalten gegen\u00fcber M\u00e4dchen und Frauen zust\u00e4ndig. \u00a0Es gab das Caf\u00e9 Freundschaft, dort wurden in der freien Zeit vor dem Fr\u00fchst\u00fcck und in der Siesta jeden Tag unterschiedliche Bastelaktivit\u00e4ten angeboten. M\u00e4dchen konnten sich im M\u00e4dchenzelt zur\u00fcckziehen, sich austauschen und organisieren und von Rassismus betroffene Kinder, Jugendliche und Erwachsene konnten dasselbe im AnitRassismuszelt tun. \u00a0Diese Angebote gibt es auf unserem Falkenzeltlager, da wir sowohl strukturellen wie auch allt\u00e4glichen pers\u00f6nlichen Rassismus und Sexismus ernst nehmen und betroffenen Personen R\u00e4ume zu Verf\u00fcgung stellen um sich zu vernetzen und zu organisieren. Trotzdem versuchen wir mit all unseren M\u00f6glichkeiten, dass das Falkenzeltlager in seiner Gesamtheit ein Diskriminierungssensibler und -freier Raum ist, in dem sich alle wohl f\u00fchlen. Wir bilden uns als Helfer*innenkollektiv st\u00e4ndig dazu weiter und durch strukturelle Angebote wie das Frauenplenum das auf dem Zeltlager stattfindet tauschen wir uns \u00fcber geschlechterspezifische Probleme auf dem Zeltlager aus und tragen diese ins Gesamtkollektiv.<\/p>\n<p><a href=\"https:\/\/www.falken-nuernberg.de\/wordpress\/wp-content\/uploads\/2024\/02\/foto-zeltlager-2023-3-scaled.jpg\"><img loading=\"lazy\" decoding=\"async\" class=\"alignleft size-large wp-image-3486\" src=\"https:\/\/www.falken-nuernberg.de\/wordpress\/wp-content\/uploads\/2024\/02\/foto-zeltlager-2023-3-1024x768.jpg\" alt=\"\" width=\"584\" height=\"438\" srcset=\"https:\/\/www.falken-nuernberg.de\/wordpress\/wp-content\/uploads\/2024\/02\/foto-zeltlager-2023-3-1024x768.jpg 1024w, https:\/\/www.falken-nuernberg.de\/wordpress\/wp-content\/uploads\/2024\/02\/foto-zeltlager-2023-3-300x225.jpg 300w, https:\/\/www.falken-nuernberg.de\/wordpress\/wp-content\/uploads\/2024\/02\/foto-zeltlager-2023-3-768x576.jpg 768w, https:\/\/www.falken-nuernberg.de\/wordpress\/wp-content\/uploads\/2024\/02\/foto-zeltlager-2023-3-1536x1152.jpg 1536w, https:\/\/www.falken-nuernberg.de\/wordpress\/wp-content\/uploads\/2024\/02\/foto-zeltlager-2023-3-2048x1536.jpg 2048w, https:\/\/www.falken-nuernberg.de\/wordpress\/wp-content\/uploads\/2024\/02\/foto-zeltlager-2023-3-400x300.jpg 400w\" sizes=\"auto, (max-width: 584px) 100vw, 584px\" \/><\/a><\/p>\n<p>Auf dem Zeltlager gab es einige besondere Tage, an denen der gewohnte Ablauf von Fr\u00fchst\u00fcck- Gruppenzeit- Mittagessen- Siesta- Workshops- Abendessen- Abendprogramm \u2013 Schlafenszeit ge\u00e4ndert wurde. \u00a0An einem Tag gab es eine Demonstration in F\u00fcssen \u00fcber Kinderamut. Wir haben auch einen Ausflug zu einem wundersch\u00f6n idyllischen Badesee gemacht. Einmal haben wir auch einen Roten Rummel mit unterschiedlichen St\u00e4nden wie Zuckerwatte, Kinderschminken und Gl\u00fccksrad gemacht. Am vorletzten Abend gab es ein Konzert von \u00a0HC Baxxter der uns mit seinen Texten und seinem einzigartigen Sound mitriss. Am Ende des Zeltlagers konnten sich die Teilnehmenden in Projekten in unterschiedliche Themen einarbeiten und am Abschlussfest vorstellen. Es gab ein Graffitiprojekt, einen Chor und ein Projekt in dem ein selbstausgedachter Rap einge\u00fcbt wurde. Auch ein Teilnehmer hat ein Projekt angeboten in dem es um die F\u00fcchsin ging, die uns jeden Abend einen Brief mitgebracht hat.<\/p>\n<p>Die F\u00fcchsin die uns jeden Abend im Abendkreis einen Brief mitgebracht hat, erz\u00e4hlte uns angelehnt an das Buch, die Konferenz der Tiere von Erich K\u00e4stner, wie die Waldtiere alle Tiere dieser Welt informiert haben um eine Konferenz der Tiere im Hochhaus der Tiere zu veranstalten, um sich f\u00fcr eine gerechte Welt einzusetzen, auf der es allen gut geht.<\/p>\n<p>Durch das leckere und gesunde Essen der ehrenamtlichen K\u00fcchencrew konnten wir alle Programmpunkte mit Energie bestreiten. Einige\u00a0 Kindergruppen haben in ihrer Gruppenzeit bei den Essensvorbereitungen geholfen.<\/p>\n<p>Vor dem Zeltlager haben sich die Helfis, die ehrenamtlich auf das Zeltlager mitgefahren sind getroffen um das Zeltlager inhaltlich und organisatorisch Vorzubereiten. Alle Helfis, die auf das Zeltlager mitgefahren sind hatten im Vorhinein Schulungen zu Pr\u00e4vention Sexualisierter Gewalt auf dem Zeltlager, antirassistische, feministische und sozialistische P\u00e4dagogik. Bei den Vorbereitungstreffen haben wir unsere Aufgaben f\u00fcr das Zeltlager aufgeteilt in Freihelfis, die sich auf dem Zeltlager unter anderem um das W\u00e4sche waschen, M\u00fcll leeren und Klo putzen k\u00fcmmern, die Gruppenhelfis, die Gruppenstunden vorbereiten und eine Gruppe von ca. 7 Kindern bzw. Jugendlichen auf dem Zeltlager unterst\u00fctzen sich zu organisieren, als Ansprechpartener*innen bei Problemen da sind, und begleiten. Und das Orgateam, die das Zeltlager im Vorhinein und w\u00e4hrenddessen organisiert und den \u00dcberblick beh\u00e4lt.<\/p>\n<p>Im November werden alle Helfer*innen das Zeltlager reflektieren und die Vorbereitungen f\u00fcr das Zeltlager im Jahr 2024 starten.<\/p>\n<p>Wir hatten ein Zeltlager voller spa\u00dfiger Erlebnisse, politischer Bildung, kreativer und sportlicher Zeit und Freundschaft. Wir haben wieder einmal die Erfahrung gemacht, wie sich ein solidarisches, verantwortungsbewusstes Zusammenleben anf\u00fchlen kann. N\u00e4chstes Jahr im August werden wir wieder unsere Taschen packen und nach Schwangau f\u00fcr zwei Wochen gemeinsam in Schwangau auf dem Zeltplatz leben.<\/p>\n<p>Freundschaft!<\/p>\n<p><a href=\"#_ftnref1\" name=\"_ftn1\">[1]<\/a> Bei den Falken werden Kinder und Jugendliche von Erwachsenen unterst\u00fctzt ihren Alltag selbst zu gestalten. Die Erwachsenen werden dabei ganz bewusst Helfer*innen\/ Helfis genannt. Sie wollen den Kindern und Jugendlichen dabei helfen, ihre eigenen Ideen umzusetzen und nicht einfach blo\u00df betreuen.<\/p>\n","protected":false},"excerpt":{"rendered":"<p>Dieses Jahr sind wir Falken aus N\u00fcrnberg mit den Falken aus ganz Bayern ins Zeltlager gefahren. Wir waren 150 Menschen, die gemeinsam gegessen, gelebt und sich weitergebildet haben. Im sch\u00f6nen Allg\u00e4u in Schwangau hatten wir vom 5. bis 18. August &hellip; <a href=\"https:\/\/www.falken-nuernberg.de\/?p=3484\">Weiterlesen <span class=\"meta-nav\">&rarr;<\/span><\/a><\/p>\n","protected":false},"author":6,"featured_media":0,"comment_status":"closed","ping_status":"closed","sticky":false,"template":"","format":"standard","meta":{"footnotes":""},"categories":[1],"tags":[],"class_list":["post-3484","post","type-post","status-publish","format-standard","hentry","category-kinder"],"_links":{"self":[{"href":"https:\/\/www.falken-nuernberg.de\/index.php?rest_route=\/wp\/v2\/posts\/3484","targetHints":{"allow":["GET"]}}],"collection":[{"href":"https:\/\/www.falken-nuernberg.de\/index.php?rest_route=\/wp\/v2\/posts"}],"about":[{"href":"https:\/\/www.falken-nuernberg.de\/index.php?rest_route=\/wp\/v2\/types\/post"}],"author":[{"embeddable":true,"href":"https:\/\/www.falken-nuernberg.de\/index.php?rest_route=\/wp\/v2\/users\/6"}],"replies":[{"embeddable":true,"href":"https:\/\/www.falken-nuernberg.de\/index.php?rest_route=%2Fwp%2Fv2%2Fcomments&post=3484"}],"version-history":[{"count":1,"href":"https:\/\/www.falken-nuernberg.de\/index.php?rest_route=\/wp\/v2\/posts\/3484\/revisions"}],"predecessor-version":[{"id":3487,"href":"https:\/\/www.falken-nuernberg.de\/index.php?rest_route=\/wp\/v2\/posts\/3484\/revisions\/3487"}],"wp:attachment":[{"href":"https:\/\/www.falken-nuernberg.de\/index.php?rest_route=%2Fwp%2Fv2%2Fmedia&parent=3484"}],"wp:term":[{"taxonomy":"category","embeddable":true,"href":"https:\/\/www.falken-nuernberg.de\/index.php?rest_route=%2Fwp%2Fv2%2Fcategories&post=3484"},{"taxonomy":"post_tag","embeddable":true,"href":"https:\/\/www.falken-nuernberg.de\/index.php?rest_route=%2Fwp%2Fv2%2Ftags&post=3484"}],"curies":[{"name":"wp","href":"https:\/\/api.w.org\/{rel}","templated":true}]}}