{"id":3481,"date":"2023-05-05T13:58:47","date_gmt":"2023-05-05T11:58:47","guid":{"rendered":"https:\/\/www.falken-nuernberg.de\/?p=3481"},"modified":"2024-02-07T14:01:23","modified_gmt":"2024-02-07T12:01:23","slug":"1-mai-2023-fuer-soziale-kinderrechte-hoehere-loehne-und-gesellschaftliche-umverteilung","status":"publish","type":"post","link":"https:\/\/www.falken-nuernberg.de\/?p=3481","title":{"rendered":"1.Mai 2023 \u2013 f\u00fcr soziale Kinderrechte, h\u00f6here L\u00f6hne und gesellschaftliche Umverteilung!"},"content":{"rendered":"<p>\u201eJedes hungernde, frierende Kind, jedes ausgebeutete Kind ist ein Raub der Bourgeoisie an der Arbeiterklasse.\u201c (Kurt L\u00f6wenstein)<\/p>\n<p>Auch dieses Jahr waren wir Falken wieder am 1. Mai sehr aktiv: Auf der Demo des DGB im Jugendblock, mit einem eigenen Kinderlock in Gostenhof und Stand auf dem Stra\u00dfenfest am Veit-Sto\u00df-Platz und einem kleinen Maifest im Falkenturmgarten. Auch f\u00fcr Kinder und Jugendliche ist der erste Mai dabei weiterhin hoch aktuell \u2013 nicht nur weil von den Arbeitsbedingungen und dem Einkommen der Eltern auch immer noch die eigene Lebenssituation und damit auch eigene Chancen und Perspektiven im Leben ma\u00dfgeblich abh\u00e4ngen \u2013 auch wenn es von der Politik nur zu gerne anders dargestellt wird.<\/p>\n<p>Deswegen haben bei uns auf den dem Demos auch wieder die Kinder und Jugendlichen das Wort ergriffen und unser F-, RF- und SJ-Ring mit einer gemeinsamen, eigenen Rede auf die Situation viele Kinder und Jugendlicher hingewiesen: \u201e<em>In N\u00fcrnberg ist jedes 4. Kind von Armut betroffen. Oft wird gesagt, dass die Leute selbst daran Schuld w\u00e4ren und sie sich nur nicht genug anstrengen w\u00fcrden oder zu faul seien. Doch wir sind uns sicher: das stimmt nicht! Niemand entscheidet sich freiwillig daf\u00fcr in Armut zu leben. Erst recht nicht Kinder! Leute mit wenig Geld werden auch, wenn sie viel arbeiten meistens nicht reich. Leute die schon reich sind, arbeiten oft fast nicht oder gar nicht. Und sie bekommen viel mehr Geld als die Menschen, die jeden Tag arbeiten und dann am Ende des Monats trotzdem nichts \u00fcbrig haben<\/em>. <em>Gleichzeitig wird alles immer teurer. Taschengeld oder L\u00f6hne werden nat\u00fcrlich nicht genug erh\u00f6ht. -&gt; Das ist schei\u00dfe!\u201c <\/em>so Fabi, Ronja, Emil und Max f\u00fcr den RF-Ring der Falken in N\u00fcrnberg. Im Anschluss an die Demos (mit in Gruppenstunden selbst gemalten Transparenten), viele Parolen und gelaufene Kilometer (trotz Regen) gab es dann noch f\u00fcr alle Kinder (und auch Erwachsenen) Zuckerwatte f\u00fcr umme am \u00fcberlaufenen Falken-Stand am Stra\u00dfenfest. Bis zum n\u00e4chsten 1. Mai!<a href=\"https:\/\/www.falken-nuernberg.de\/wordpress\/wp-content\/uploads\/2024\/02\/Kinderblock-1-Mai-scaled.jpg\"><img loading=\"lazy\" decoding=\"async\" class=\"alignleft size-large wp-image-3482\" src=\"https:\/\/www.falken-nuernberg.de\/wordpress\/wp-content\/uploads\/2024\/02\/Kinderblock-1-Mai-1024x771.jpg\" alt=\"\" width=\"584\" height=\"440\" srcset=\"https:\/\/www.falken-nuernberg.de\/wordpress\/wp-content\/uploads\/2024\/02\/Kinderblock-1-Mai-1024x771.jpg 1024w, https:\/\/www.falken-nuernberg.de\/wordpress\/wp-content\/uploads\/2024\/02\/Kinderblock-1-Mai-300x226.jpg 300w, https:\/\/www.falken-nuernberg.de\/wordpress\/wp-content\/uploads\/2024\/02\/Kinderblock-1-Mai-768x578.jpg 768w, https:\/\/www.falken-nuernberg.de\/wordpress\/wp-content\/uploads\/2024\/02\/Kinderblock-1-Mai-1536x1156.jpg 1536w, https:\/\/www.falken-nuernberg.de\/wordpress\/wp-content\/uploads\/2024\/02\/Kinderblock-1-Mai-2048x1542.jpg 2048w, https:\/\/www.falken-nuernberg.de\/wordpress\/wp-content\/uploads\/2024\/02\/Kinderblock-1-Mai-399x300.jpg 399w\" sizes=\"auto, (max-width: 584px) 100vw, 584px\" \/><\/a><\/p>\n","protected":false},"excerpt":{"rendered":"<p>\u201eJedes hungernde, frierende Kind, jedes ausgebeutete Kind ist ein Raub der Bourgeoisie an der Arbeiterklasse.\u201c (Kurt L\u00f6wenstein) Auch dieses Jahr waren wir Falken wieder am 1. Mai sehr aktiv: Auf der Demo des DGB im Jugendblock, mit einem eigenen Kinderlock &hellip; <a href=\"https:\/\/www.falken-nuernberg.de\/?p=3481\">Weiterlesen <span class=\"meta-nav\">&rarr;<\/span><\/a><\/p>\n","protected":false},"author":6,"featured_media":0,"comment_status":"closed","ping_status":"closed","sticky":false,"template":"","format":"standard","meta":{"footnotes":""},"categories":[1],"tags":[],"class_list":["post-3481","post","type-post","status-publish","format-standard","hentry","category-kinder"],"_links":{"self":[{"href":"https:\/\/www.falken-nuernberg.de\/index.php?rest_route=\/wp\/v2\/posts\/3481","targetHints":{"allow":["GET"]}}],"collection":[{"href":"https:\/\/www.falken-nuernberg.de\/index.php?rest_route=\/wp\/v2\/posts"}],"about":[{"href":"https:\/\/www.falken-nuernberg.de\/index.php?rest_route=\/wp\/v2\/types\/post"}],"author":[{"embeddable":true,"href":"https:\/\/www.falken-nuernberg.de\/index.php?rest_route=\/wp\/v2\/users\/6"}],"replies":[{"embeddable":true,"href":"https:\/\/www.falken-nuernberg.de\/index.php?rest_route=%2Fwp%2Fv2%2Fcomments&post=3481"}],"version-history":[{"count":1,"href":"https:\/\/www.falken-nuernberg.de\/index.php?rest_route=\/wp\/v2\/posts\/3481\/revisions"}],"predecessor-version":[{"id":3483,"href":"https:\/\/www.falken-nuernberg.de\/index.php?rest_route=\/wp\/v2\/posts\/3481\/revisions\/3483"}],"wp:attachment":[{"href":"https:\/\/www.falken-nuernberg.de\/index.php?rest_route=%2Fwp%2Fv2%2Fmedia&parent=3481"}],"wp:term":[{"taxonomy":"category","embeddable":true,"href":"https:\/\/www.falken-nuernberg.de\/index.php?rest_route=%2Fwp%2Fv2%2Fcategories&post=3481"},{"taxonomy":"post_tag","embeddable":true,"href":"https:\/\/www.falken-nuernberg.de\/index.php?rest_route=%2Fwp%2Fv2%2Ftags&post=3481"}],"curies":[{"name":"wp","href":"https:\/\/api.w.org\/{rel}","templated":true}]}}