{"id":3235,"date":"2021-07-23T10:27:10","date_gmt":"2021-07-23T08:27:10","guid":{"rendered":"https:\/\/www.falken-nuernberg.de\/?p=3235"},"modified":"2021-07-23T10:27:10","modified_gmt":"2021-07-23T08:27:10","slug":"gedenken-an-unsere-ermordeten-genossinnen-von-utoya","status":"publish","type":"post","link":"https:\/\/www.falken-nuernberg.de\/?p=3235","title":{"rendered":"Gedenken an unsere ermordeten Genoss*innen von Ut\u00f8ya"},"content":{"rendered":"<p><a href=\"https:\/\/www.falken-nuernberg.de\/wordpress\/wp-content\/uploads\/2021\/07\/51328921383_c17af96507_o-scaled.jpg\"><img loading=\"lazy\" decoding=\"async\" class=\"alignnone size-full wp-image-3236\" src=\"https:\/\/www.falken-nuernberg.de\/wordpress\/wp-content\/uploads\/2021\/07\/51328921383_c17af96507_o-scaled.jpg\" alt=\"\" width=\"2560\" height=\"1706\" srcset=\"https:\/\/www.falken-nuernberg.de\/wordpress\/wp-content\/uploads\/2021\/07\/51328921383_c17af96507_o-scaled.jpg 2560w, https:\/\/www.falken-nuernberg.de\/wordpress\/wp-content\/uploads\/2021\/07\/51328921383_c17af96507_o-300x200.jpg 300w, https:\/\/www.falken-nuernberg.de\/wordpress\/wp-content\/uploads\/2021\/07\/51328921383_c17af96507_o-1024x683.jpg 1024w, https:\/\/www.falken-nuernberg.de\/wordpress\/wp-content\/uploads\/2021\/07\/51328921383_c17af96507_o-768x512.jpg 768w, https:\/\/www.falken-nuernberg.de\/wordpress\/wp-content\/uploads\/2021\/07\/51328921383_c17af96507_o-1536x1024.jpg 1536w, https:\/\/www.falken-nuernberg.de\/wordpress\/wp-content\/uploads\/2021\/07\/51328921383_c17af96507_o-2048x1365.jpg 2048w, https:\/\/www.falken-nuernberg.de\/wordpress\/wp-content\/uploads\/2021\/07\/51328921383_c17af96507_o-450x300.jpg 450w\" sizes=\"auto, (max-width: 2560px) 100vw, 2560px\" \/><\/a><\/p>\n<p>&nbsp;<\/p>\n<p><span dir=\"auto\">Gestern trauerten wir gemeinsam mit Mitgliedern der <a tabindex=\"0\" role=\"link\" href=\"https:\/\/www.facebook.com\/JusosNuernberg\/?__cft__[0]=AZVnMTis-tAihoRjwiR9eFmIM29p9GoHBV_7qGEu7bEOaePVmdnI-B08mvOSNFE-BWTvdlGJ9mccdOf9BMpnd0XWCetfGomj3f_x2VCQP9zBlUYn7bekMSyUpFYxfZf3UXcETC7gApsaS7BX302yzsnLgVI6iumGpaNmVYEA_N5yInz3W9ofKuITNTKJoEBhu-mr4OLBdL66J-wVlilF57-e&amp;__tn__=kK-R\">Jusos N\u00fcrnberg<\/a>, sowie Mitgliedern der <a tabindex=\"0\" role=\"link\" href=\"https:\/\/www.facebook.com\/sdaj.nurnberg\/?__cft__[0]=AZVnMTis-tAihoRjwiR9eFmIM29p9GoHBV_7qGEu7bEOaePVmdnI-B08mvOSNFE-BWTvdlGJ9mccdOf9BMpnd0XWCetfGomj3f_x2VCQP9zBlUYn7bekMSyUpFYxfZf3UXcETC7gApsaS7BX302yzsnLgVI6iumGpaNmVYEA_N5yInz3W9ofKuITNTKJoEBhu-mr4OLBdL66J-wVlilF57-e&amp;__tn__=kK-R\">SDAJ N\u00fcrnberg<\/a> und der <a tabindex=\"0\" role=\"link\" href=\"https:\/\/www.facebook.com\/spd.nuernberg\/?__cft__[0]=AZVnMTis-tAihoRjwiR9eFmIM29p9GoHBV_7qGEu7bEOaePVmdnI-B08mvOSNFE-BWTvdlGJ9mccdOf9BMpnd0XWCetfGomj3f_x2VCQP9zBlUYn7bekMSyUpFYxfZf3UXcETC7gApsaS7BX302yzsnLgVI6iumGpaNmVYEA_N5yInz3W9ofKuITNTKJoEBhu-mr4OLBdL66J-wVlilF57-e&amp;__tn__=kK-R\">SPD N\u00fcrnberg<\/a> um unsere 69 Freunde* und Freundinnen*, Genossen* und Genossinnen*, die vor 10 Jahren auf Ut\u00f8ya ermordet wurden. Vielen Dank an die <a tabindex=\"0\" role=\"link\" href=\"https:\/\/www.facebook.com\/JusosNuernberg\/?__cft__[0]=AZVnMTis-tAihoRjwiR9eFmIM29p9GoHBV_7qGEu7bEOaePVmdnI-B08mvOSNFE-BWTvdlGJ9mccdOf9BMpnd0XWCetfGomj3f_x2VCQP9zBlUYn7bekMSyUpFYxfZf3UXcETC7gApsaS7BX302yzsnLgVI6iumGpaNmVYEA_N5yInz3W9ofKuITNTKJoEBhu-mr4OLBdL66J-wVlilF57-e&amp;__tn__=kK-R\">Jusos N\u00fcrnberg<\/a> f\u00fcr Anmeldung und Moderation. Danke an R\u00fcdiger L\u00f6ster f\u00fcr die Fotos. Hier k\u00f6nnt ihr<\/span><span dir=\"auto\"> de<\/span><span dir=\"auto\">n<\/span><span dir=\"auto\"> Redebeitrag von unserer Genossin Tabea nachlesen:<\/span><\/p>\n<p>&nbsp;<\/p>\n<p>Liebe Freundinnen* und Freunde*, liebe Genossinnen* und Genossen,<\/p>\n<p>wir trauern heute um unsere 69 ermordeten Genossinnen* und Genossen, die der rechtsextreme M\u00f6rder Anders Breivik heute vor 10 Jahren hingerichtet hat.<\/p>\n<p>Es f\u00e4llt schwer, als Falkin \u00fcber das zu sprechen, was vor 10 Jahren geschehen ist, da klar ist: das Massaker auf Utoya galt unserer sozialistischen Arbeiter*innen- und Arbeiter*innenjugendbewegung. Es h\u00e4tte auch uns treffen k\u00f6nnen. Oder besser gesagt: es hat uns getroffen. Wenn wir heute die Berichte der \u00dcberlebenden lesen, f\u00fchlen wir uns in unsere Falken-Zeltlager versetzt. Es wird von Zeltlagererfahrungen berichtet, die die unseren sein k\u00f6nnten. Ich m\u00f6chte euch kurz einige wenige Ausz\u00fcge aus einem Bericht und Interview der Berliner Stimme mit der Genossin Janin vorlesen.<\/p>\n<p>Janin kommt 2010 das erste Mal mit auf ein Zeltlager der AUF, einer norwegischen Schwesterorganisation der Falken. Ihre Freundin Elisabeth hat sie eingeladen. Sie sagt, sie w\u00e4re \u201ehaupts\u00e4chlich nicht wegen den politischen Diskussionen da, sondern einfach, weil wir zusammen gegrillt, Stockbrot gebacken und Karaoke- sowie Filmabende gemacht haben. Ich fand diese Gemeinschaft einfach toll.\u201c<\/p>\n<p>\u00dcber ihre Freundin Elisabeth, die eine unserer 69 ermordeten Freundinnen* und Freunde* ist, sagt Janin: \u201eElisabeth war ein Mensch, der sich immer um andere gek\u00fcmmert hatte und jederzeit ein offenes Ohr hatte. Sie stellte stets sicher, dass es ihren Freunden und ihrer Familie gut ging. Ihre eigenen Bed\u00fcrfnisse stellte sie dann meistens hinten an. Durch ihre Lebensfreude und ihre positive Art konnte man nur gute Laune bekommen.<\/p>\n<p>Der 22. Juli 2011 ist f\u00fcr Janin und Elisabeth der letzte Tag auf der Insel \u2013 am n\u00e4chsten Tag steht die Heimreise an. Die Tage zuvor seien laut Janin sehr warm gewesen. Die Sonne schien die ganze Zeit. \u00dcberhaupt sei der Sommer in Norwegen im Jahr 2011 sehr hei\u00df gewesen, teilweise bis zu 30 Grad Celsius. An diesem Freitag jedoch regnet es. Janin beschreibt es im Gespr\u00e4ch als Vorahnung, als ein Vorbote, dass irgendwas passieren wird.<\/p>\n<p>Es ist kurz vor 17 Uhr als der Attent\u00e4ter an der Anlegestelle der F\u00e4hre mit einem wei\u00dfen Lieferwagen vorf\u00e4hrt. 600 Meter trennen Ut\u00f8ya vom Festland. Mit der F\u00e4hre gelangt er wenig sp\u00e4ter auf die Insel. Da er sich als Polizist ausgibt und auch als solcher verkleidet ist, nimmt ihn der F\u00e4hrmann mit. Auf Ut\u00f8ya angelangt geht er von Bord.<\/p>\n<p>Janin, Elisabeth und ihre gemeinsame Freundin, Lejla, sehen wie Anders Breivik auf die Insel kommt. Leyjla wird eines seiner ersten Todesopfer sein.<\/p>\n<p>Elisabeth und Janin befinden sich mit vielen anderen in einer kleinen Halle, in die der M\u00f6rder eintritt. Elisabeth und viele weitere werden dort von seinen Kugeln getroffen. Elisabeth stirbt dort.<\/p>\n<p>Janin wird von einer Freundin aus der Halle gezogen und fl\u00fcchtet \u00fcber den Zeltlplatz auf einen kleinen Weg. Der \u201eKj\u00e6rlighetsstien\u201c, zu deutsch: Liebespfad, verl\u00e4uft 180 Meter hinter der Cafeteria direkt an der Steilk\u00fcste entlang.<\/p>\n<p>Janin wird dort getroffen. Sie erz\u00e4hlt: \u201eDer Weg ist ein ganz enger verschlungener Pfad und durch einen Zaun gesichert, damit man nicht abst\u00fcrzt. Ich lag an dieser Stelle und wusste, ich kann mich nicht bewegen, weder aufstehen noch weiterlaufen \u2013 es geht einfach nicht mehr. Leute sind an mir vorbeigerannt und haben mich liegen lassen. Das habe ich ihnen auch nicht \u00fcbelgenommen, weil ich in diesem Moment dachte: Jeder denkt an sich, jeder muss sich irgendwie selbst retten. Im Nachhinein frage ich mich: Warum habe ich so egoistisch gedacht? Man ist doch quasi eine Gemeinschaft. Freunde von mir haben ja auch Verletzten geholfen.\u201c<\/p>\n<p>Ein M\u00e4dchen \u2013 17 Jahre alt \u2013 bleibt schlie\u00dflich stehen. Sie sieht Janin auf dem Pfad liegen und fragt, ob sie Hilfe braucht. Janin m\u00f6chte nur, dass das M\u00e4dchen sie liegen l\u00e4sst, weiterl\u00e4uft und ein Versteck sucht. Die 17-J\u00e4hrige antwortet nur: \u201cNein, du musst da nicht allein durch. Ich helfe dir.\u201c<\/p>\n<p>Das Massaker an unseren Genossinnen und Genossen auf Utoya war ein antikommunistisches Massaker. Anders Breivik hat nicht zuf\u00e4llig ein Zeltlager unserer norwegischen Schwesterorganisation zum Ziel seines Anschlages gemacht. Breivik sah und sieht sich wie andere Faschisten im Kampf gegen den von ihnen sogenannten Kulturmarxismus. Dem Antikommunismus ist dabei egal, ob seine Opfer tats\u00e4chlich Kommunistinnen* oder Kommunisten* sind oder nicht und so trifft er nicht nur die kommunistische, sondern auch die sozialdemokratische Bewegung.<\/p>\n<p>Der wahnhaft-ideologische Antikommunist Breivik sah sich bei seinem Massenmord an unseren jugendlichen Genoss*innen selbst als Kommandanten einer norwegischen antikommunistischen Widerstandsbewegung.<\/p>\n<p>In der wahnhaft-ideologischen Vorstellung des rassistischen Antikommunisten Breivik seien wir Marxist*innen verantwortlich f\u00fcr eine angebliche Islamisierung Europas, weil wir Internationalist*innen sind. Er und seine faschistischen und konservativen Kameraden verachten uns f\u00fcr unsere internationale Solidarit\u00e4t, die sich in Wirklichkeit selbstverst\u00e4ndlich auch gegen ihre heimlichen Br\u00fcder im Geiste, die Islamisten, richtet.<\/p>\n<p>In der wahnhaft-ideologischen Vorstellung des frauenhassenden Antikommunisten Breivik seien wir Marxist*innen verantwortlich f\u00fcr den nahenden Zusammenbruch der europ\u00e4ischen Zivilisation, die davon abhinge, wie \u201estandhaft europ\u00e4ische M\u00e4nner gegen politisch korrekten Feminismus widerstehen\u201c. Er und seine faschistischen und konservativen Kameraden verachten uns f\u00fcr unseren Feminismus und unseren Kampf gegen den patriarchalen Zustand dieser Gesellschaft.<\/p>\n<p>Zum Antikommunismus, Rassismus und Antifeminismus des M\u00f6rders gesellen sich Antisemitismus, Marktliberalismus und christlicher Traditionalismus. Er verstand sich als ein K\u00e4mpfer einer \u201ekonservativen Revolution\u201c, die im \u00dcbrigen der CSU-Landesgruppenchef Alexander Dobrindt noch 2018 einforderte. Die Schnittstellen zwischen Konservativen und Faschisten sind eindeutig. Ihre Ziele verbergen sie kaum. Und sie sind keineswegs Einzelt\u00e4ter. Sie sind gut vernetzt, online, wie offline. Sie horten ihre Waffen aus Bundeswehrbest\u00e4nden und organisieren sich in Polizeieinheiten. Sie kaufen Leichens\u00e4cke und legen Feindeslisten an. Sie sind bereit, zu morden.<\/p>\n<p>Wir Falken freuen uns, dass wir heute mit unseren sozialdemokratischen Genoss*innen der Jusos hier stehen d\u00fcrfen. Denn wir denken, dass eine antifaschistische Einheitsfront von Kommunist*innen und Sozialdemokrat*innen eine absolute Notwendigkeit im Kampf gegen die rechte Bedrohung darstellt. Das verlangt beiden Seiten einiges ab. Das Vordringen von Extremismus-Ideologie und Hufeisentheorie in weite Teile der SPD, insbesondere die F\u00fchrung, m\u00fcssen unsere sozialdemokratischen Genoss*innen entschieden bek\u00e4mpfen. Und wir Kommunist*innen d\u00fcrfen weder in antisozialdemokratischem Gebahren, noch in trotzigem Gehabe erstarren, sondern m\u00fcssen neues Vertrauen schenken und uns in Offenheit zeigen. Insbesondere zur Parteibasis, die in der Regel links von ihrer F\u00fchrung steht, gilt es Br\u00fccken aufrechtzuerhalten oder aufzubauen. Wir sind uns sicher, dass uns genau das in der Zusammenarbeit mit unseren Genoss*innen und Freund*innen von den Jusos gelingen wird.<\/p>\n<p>Wir gedenken heute gemeinsam den Menschen, die der Faschist Anders Breivik ihren Freund*innen, ihren Familien und unserer gemeinsamen Bewegung genommen hat. Gedenken hei\u00dft f\u00fcr die Arbeiter*innenjugendbewegung stets auch Kampf, denn \u2013 wie Rosa Luxemburg sagte \u2013 \u201edas Heulen ist Gesch\u00e4ft der Schw\u00e4che.\u201c<\/p>\n<p>Das bedeutet aber nicht, dass wir nicht ersch\u00fcttert, traurig, ergriffen, verzweifelt sein d\u00fcrfen, denn \u2013 wie Rosa auch sagte \u2013 \u201ef\u00fchlen wir uns in der ganzen Welt zu Hause, wo es Wolken und V\u00f6gel und Menschentr\u00e4nen gibt.\u201c<\/p>\n<p><a href=\"https:\/\/www.falken-nuernberg.de\/wordpress\/wp-content\/uploads\/2021\/07\/51327970782_39a5c931bb_o-scaled.jpg\"><img loading=\"lazy\" decoding=\"async\" class=\"alignnone size-full wp-image-3237\" src=\"https:\/\/www.falken-nuernberg.de\/wordpress\/wp-content\/uploads\/2021\/07\/51327970782_39a5c931bb_o-scaled.jpg\" alt=\"\" width=\"2560\" height=\"1706\" srcset=\"https:\/\/www.falken-nuernberg.de\/wordpress\/wp-content\/uploads\/2021\/07\/51327970782_39a5c931bb_o-scaled.jpg 2560w, https:\/\/www.falken-nuernberg.de\/wordpress\/wp-content\/uploads\/2021\/07\/51327970782_39a5c931bb_o-300x200.jpg 300w, https:\/\/www.falken-nuernberg.de\/wordpress\/wp-content\/uploads\/2021\/07\/51327970782_39a5c931bb_o-1024x683.jpg 1024w, https:\/\/www.falken-nuernberg.de\/wordpress\/wp-content\/uploads\/2021\/07\/51327970782_39a5c931bb_o-768x512.jpg 768w, https:\/\/www.falken-nuernberg.de\/wordpress\/wp-content\/uploads\/2021\/07\/51327970782_39a5c931bb_o-1536x1024.jpg 1536w, https:\/\/www.falken-nuernberg.de\/wordpress\/wp-content\/uploads\/2021\/07\/51327970782_39a5c931bb_o-2048x1365.jpg 2048w, https:\/\/www.falken-nuernberg.de\/wordpress\/wp-content\/uploads\/2021\/07\/51327970782_39a5c931bb_o-450x300.jpg 450w\" sizes=\"auto, (max-width: 2560px) 100vw, 2560px\" \/><\/a> <a href=\"https:\/\/www.falken-nuernberg.de\/wordpress\/wp-content\/uploads\/2021\/07\/51327972297_8282dc5037_o-scaled.jpg\"><img loading=\"lazy\" decoding=\"async\" class=\"alignnone size-full wp-image-3238\" src=\"https:\/\/www.falken-nuernberg.de\/wordpress\/wp-content\/uploads\/2021\/07\/51327972297_8282dc5037_o-scaled.jpg\" alt=\"\" width=\"2560\" height=\"1706\" srcset=\"https:\/\/www.falken-nuernberg.de\/wordpress\/wp-content\/uploads\/2021\/07\/51327972297_8282dc5037_o-scaled.jpg 2560w, https:\/\/www.falken-nuernberg.de\/wordpress\/wp-content\/uploads\/2021\/07\/51327972297_8282dc5037_o-300x200.jpg 300w, https:\/\/www.falken-nuernberg.de\/wordpress\/wp-content\/uploads\/2021\/07\/51327972297_8282dc5037_o-1024x683.jpg 1024w, https:\/\/www.falken-nuernberg.de\/wordpress\/wp-content\/uploads\/2021\/07\/51327972297_8282dc5037_o-768x512.jpg 768w, https:\/\/www.falken-nuernberg.de\/wordpress\/wp-content\/uploads\/2021\/07\/51327972297_8282dc5037_o-1536x1024.jpg 1536w, https:\/\/www.falken-nuernberg.de\/wordpress\/wp-content\/uploads\/2021\/07\/51327972297_8282dc5037_o-2048x1365.jpg 2048w, https:\/\/www.falken-nuernberg.de\/wordpress\/wp-content\/uploads\/2021\/07\/51327972297_8282dc5037_o-450x300.jpg 450w\" sizes=\"auto, (max-width: 2560px) 100vw, 2560px\" \/><\/a> <a href=\"https:\/\/www.falken-nuernberg.de\/wordpress\/wp-content\/uploads\/2021\/07\/51328703716_cd1f469bc3_o-scaled.jpg\"><img loading=\"lazy\" decoding=\"async\" class=\"alignnone size-full wp-image-3239\" src=\"https:\/\/www.falken-nuernberg.de\/wordpress\/wp-content\/uploads\/2021\/07\/51328703716_cd1f469bc3_o-scaled.jpg\" alt=\"\" width=\"2560\" height=\"1706\" srcset=\"https:\/\/www.falken-nuernberg.de\/wordpress\/wp-content\/uploads\/2021\/07\/51328703716_cd1f469bc3_o-scaled.jpg 2560w, https:\/\/www.falken-nuernberg.de\/wordpress\/wp-content\/uploads\/2021\/07\/51328703716_cd1f469bc3_o-300x200.jpg 300w, https:\/\/www.falken-nuernberg.de\/wordpress\/wp-content\/uploads\/2021\/07\/51328703716_cd1f469bc3_o-1024x683.jpg 1024w, https:\/\/www.falken-nuernberg.de\/wordpress\/wp-content\/uploads\/2021\/07\/51328703716_cd1f469bc3_o-768x512.jpg 768w, https:\/\/www.falken-nuernberg.de\/wordpress\/wp-content\/uploads\/2021\/07\/51328703716_cd1f469bc3_o-1536x1024.jpg 1536w, https:\/\/www.falken-nuernberg.de\/wordpress\/wp-content\/uploads\/2021\/07\/51328703716_cd1f469bc3_o-2048x1365.jpg 2048w, https:\/\/www.falken-nuernberg.de\/wordpress\/wp-content\/uploads\/2021\/07\/51328703716_cd1f469bc3_o-450x300.jpg 450w\" sizes=\"auto, (max-width: 2560px) 100vw, 2560px\" \/><\/a> <a href=\"https:\/\/www.falken-nuernberg.de\/wordpress\/wp-content\/uploads\/2021\/07\/51328720346_7df7ea073e_o-scaled.jpg\"><img loading=\"lazy\" decoding=\"async\" class=\"alignnone size-full wp-image-3240\" src=\"https:\/\/www.falken-nuernberg.de\/wordpress\/wp-content\/uploads\/2021\/07\/51328720346_7df7ea073e_o-scaled.jpg\" alt=\"\" width=\"2560\" height=\"1706\" srcset=\"https:\/\/www.falken-nuernberg.de\/wordpress\/wp-content\/uploads\/2021\/07\/51328720346_7df7ea073e_o-scaled.jpg 2560w, https:\/\/www.falken-nuernberg.de\/wordpress\/wp-content\/uploads\/2021\/07\/51328720346_7df7ea073e_o-300x200.jpg 300w, https:\/\/www.falken-nuernberg.de\/wordpress\/wp-content\/uploads\/2021\/07\/51328720346_7df7ea073e_o-1024x683.jpg 1024w, https:\/\/www.falken-nuernberg.de\/wordpress\/wp-content\/uploads\/2021\/07\/51328720346_7df7ea073e_o-768x512.jpg 768w, https:\/\/www.falken-nuernberg.de\/wordpress\/wp-content\/uploads\/2021\/07\/51328720346_7df7ea073e_o-1536x1024.jpg 1536w, https:\/\/www.falken-nuernberg.de\/wordpress\/wp-content\/uploads\/2021\/07\/51328720346_7df7ea073e_o-2048x1365.jpg 2048w, https:\/\/www.falken-nuernberg.de\/wordpress\/wp-content\/uploads\/2021\/07\/51328720346_7df7ea073e_o-450x300.jpg 450w\" sizes=\"auto, (max-width: 2560px) 100vw, 2560px\" \/><\/a> <a href=\"https:\/\/www.falken-nuernberg.de\/wordpress\/wp-content\/uploads\/2021\/07\/51328724666_7b6eb62670_o-scaled.jpg\"><img loading=\"lazy\" decoding=\"async\" class=\"alignnone size-full wp-image-3241\" src=\"https:\/\/www.falken-nuernberg.de\/wordpress\/wp-content\/uploads\/2021\/07\/51328724666_7b6eb62670_o-scaled.jpg\" alt=\"\" width=\"2560\" height=\"1706\" srcset=\"https:\/\/www.falken-nuernberg.de\/wordpress\/wp-content\/uploads\/2021\/07\/51328724666_7b6eb62670_o-scaled.jpg 2560w, https:\/\/www.falken-nuernberg.de\/wordpress\/wp-content\/uploads\/2021\/07\/51328724666_7b6eb62670_o-300x200.jpg 300w, https:\/\/www.falken-nuernberg.de\/wordpress\/wp-content\/uploads\/2021\/07\/51328724666_7b6eb62670_o-1024x683.jpg 1024w, https:\/\/www.falken-nuernberg.de\/wordpress\/wp-content\/uploads\/2021\/07\/51328724666_7b6eb62670_o-768x512.jpg 768w, https:\/\/www.falken-nuernberg.de\/wordpress\/wp-content\/uploads\/2021\/07\/51328724666_7b6eb62670_o-1536x1024.jpg 1536w, https:\/\/www.falken-nuernberg.de\/wordpress\/wp-content\/uploads\/2021\/07\/51328724666_7b6eb62670_o-2048x1365.jpg 2048w, https:\/\/www.falken-nuernberg.de\/wordpress\/wp-content\/uploads\/2021\/07\/51328724666_7b6eb62670_o-450x300.jpg 450w\" sizes=\"auto, (max-width: 2560px) 100vw, 2560px\" \/><\/a> <a href=\"https:\/\/www.falken-nuernberg.de\/wordpress\/wp-content\/uploads\/2021\/07\/51329433494_e2c56153f4_o-scaled.jpg\"><img loading=\"lazy\" decoding=\"async\" class=\"alignnone size-full wp-image-3242\" src=\"https:\/\/www.falken-nuernberg.de\/wordpress\/wp-content\/uploads\/2021\/07\/51329433494_e2c56153f4_o-scaled.jpg\" alt=\"\" width=\"2560\" height=\"1706\" srcset=\"https:\/\/www.falken-nuernberg.de\/wordpress\/wp-content\/uploads\/2021\/07\/51329433494_e2c56153f4_o-scaled.jpg 2560w, https:\/\/www.falken-nuernberg.de\/wordpress\/wp-content\/uploads\/2021\/07\/51329433494_e2c56153f4_o-300x200.jpg 300w, https:\/\/www.falken-nuernberg.de\/wordpress\/wp-content\/uploads\/2021\/07\/51329433494_e2c56153f4_o-1024x683.jpg 1024w, https:\/\/www.falken-nuernberg.de\/wordpress\/wp-content\/uploads\/2021\/07\/51329433494_e2c56153f4_o-768x512.jpg 768w, https:\/\/www.falken-nuernberg.de\/wordpress\/wp-content\/uploads\/2021\/07\/51329433494_e2c56153f4_o-1536x1024.jpg 1536w, https:\/\/www.falken-nuernberg.de\/wordpress\/wp-content\/uploads\/2021\/07\/51329433494_e2c56153f4_o-2048x1365.jpg 2048w, https:\/\/www.falken-nuernberg.de\/wordpress\/wp-content\/uploads\/2021\/07\/51329433494_e2c56153f4_o-450x300.jpg 450w\" sizes=\"auto, (max-width: 2560px) 100vw, 2560px\" \/><\/a><\/p>\n<p>&nbsp;<\/p>\n<p>&nbsp;<\/p>\n","protected":false},"excerpt":{"rendered":"<p>&nbsp; Gestern trauerten wir gemeinsam mit Mitgliedern der Jusos N\u00fcrnberg, sowie Mitgliedern der SDAJ N\u00fcrnberg und der SPD N\u00fcrnberg um unsere 69 Freunde* und Freundinnen*, Genossen* und Genossinnen*, die vor 10 Jahren auf Ut\u00f8ya ermordet wurden. Vielen Dank an die &hellip; <a href=\"https:\/\/www.falken-nuernberg.de\/?p=3235\">Weiterlesen <span class=\"meta-nav\">&rarr;<\/span><\/a><\/p>\n","protected":false},"author":7,"featured_media":0,"comment_status":"closed","ping_status":"closed","sticky":false,"template":"","format":"standard","meta":{"footnotes":""},"categories":[21,20,3],"tags":[],"class_list":["post-3235","post","type-post","status-publish","format-standard","hentry","category-aktionen","category-jugendliche","category-presse"],"_links":{"self":[{"href":"https:\/\/www.falken-nuernberg.de\/index.php?rest_route=\/wp\/v2\/posts\/3235","targetHints":{"allow":["GET"]}}],"collection":[{"href":"https:\/\/www.falken-nuernberg.de\/index.php?rest_route=\/wp\/v2\/posts"}],"about":[{"href":"https:\/\/www.falken-nuernberg.de\/index.php?rest_route=\/wp\/v2\/types\/post"}],"author":[{"embeddable":true,"href":"https:\/\/www.falken-nuernberg.de\/index.php?rest_route=\/wp\/v2\/users\/7"}],"replies":[{"embeddable":true,"href":"https:\/\/www.falken-nuernberg.de\/index.php?rest_route=%2Fwp%2Fv2%2Fcomments&post=3235"}],"version-history":[{"count":1,"href":"https:\/\/www.falken-nuernberg.de\/index.php?rest_route=\/wp\/v2\/posts\/3235\/revisions"}],"predecessor-version":[{"id":3243,"href":"https:\/\/www.falken-nuernberg.de\/index.php?rest_route=\/wp\/v2\/posts\/3235\/revisions\/3243"}],"wp:attachment":[{"href":"https:\/\/www.falken-nuernberg.de\/index.php?rest_route=%2Fwp%2Fv2%2Fmedia&parent=3235"}],"wp:term":[{"taxonomy":"category","embeddable":true,"href":"https:\/\/www.falken-nuernberg.de\/index.php?rest_route=%2Fwp%2Fv2%2Fcategories&post=3235"},{"taxonomy":"post_tag","embeddable":true,"href":"https:\/\/www.falken-nuernberg.de\/index.php?rest_route=%2Fwp%2Fv2%2Ftags&post=3235"}],"curies":[{"name":"wp","href":"https:\/\/api.w.org\/{rel}","templated":true}]}}