{"id":3150,"date":"2021-04-18T09:56:08","date_gmt":"2021-04-18T07:56:08","guid":{"rendered":"https:\/\/www.falken-nuernberg.de\/?p=3150"},"modified":"2021-07-06T15:43:20","modified_gmt":"2021-07-06T13:43:20","slug":"der-sommer-wird-kommen","status":"publish","type":"post","link":"https:\/\/www.falken-nuernberg.de\/?p=3150","title":{"rendered":"Der Sommer wird kommen&#8230;"},"content":{"rendered":"<p><strong><a href=\"https:\/\/www.falken-nuernberg.de\/wordpress\/wp-content\/uploads\/2021\/02\/Bildschirmfoto-2021-04-18-um-11.35.50.png\"><img loading=\"lazy\" decoding=\"async\" class=\"alignleft size-medium wp-image-3184\" src=\"https:\/\/www.falken-nuernberg.de\/wordpress\/wp-content\/uploads\/2021\/02\/Bildschirmfoto-2021-04-18-um-11.35.50-231x300.png\" alt=\"\" width=\"231\" height=\"300\" srcset=\"https:\/\/www.falken-nuernberg.de\/wordpress\/wp-content\/uploads\/2021\/02\/Bildschirmfoto-2021-04-18-um-11.35.50-231x300.png 231w, https:\/\/www.falken-nuernberg.de\/wordpress\/wp-content\/uploads\/2021\/02\/Bildschirmfoto-2021-04-18-um-11.35.50-787x1024.png 787w, https:\/\/www.falken-nuernberg.de\/wordpress\/wp-content\/uploads\/2021\/02\/Bildschirmfoto-2021-04-18-um-11.35.50-768x999.png 768w, https:\/\/www.falken-nuernberg.de\/wordpress\/wp-content\/uploads\/2021\/02\/Bildschirmfoto-2021-04-18-um-11.35.50.png 830w\" sizes=\"auto, (max-width: 231px) 100vw, 231px\" \/><\/a>Wasser, <del>Wat<\/del> SAND und Widerstand! Falken Zeltlager 2021 <del>auf der Insel F\u00f6hr vom 7. bis 22. August 2021<\/del><\/strong><\/p>\n<p>Achtung: ORT und ZEIT musste ge\u00e4ndert werden. Da wir aufgrund von Corona nicht nach F\u00f6hr fahren k\u00f6nnen.<\/p>\n<p>UMGEPLANT und JETZT:<\/p>\n<p>8.-22.8. Zeltlager in Berlin Heiligensee auf der Sandd\u00fcne<\/p>\n<p>Wie jeden Sommer fahren wir Falken auch 2021 auf unser Sommercamp. Diesmal geht\u2019s <del>auf die\u00a0 Nordseeinsel F\u00f6hr an einen Zeltplatz mit Strand, D\u00fcnen und Meer. <\/del>nach Berlin Heiligensee auf einen tollen Falkenzeltplatz mit vielen B\u00e4umen, einer Sandd\u00fcne und Badestelle an der Havel. Zwei Wochen lang leben wir dort in Zelten zusammen, bauen, spielen und planschen, diskutieren und sprechen \u00fcber Dinge, die uns besch\u00e4ftigen, kochen gemeinsam, toben uns mal so richtig aus und haben eine sch\u00f6ne Zeit&#8230; komm doch mit!<\/p>\n<p>Jede* und Jeder der schon mal \u00fcber eine politische Fragemit jemanden gesprochen hat oder bei so einem Gespr\u00e4ch zugeh\u00f6rt hat, kennt diese Aussage: \u201e Immer seid ihr Linken gegen etwas, k\u00f6nnt ihr nicht auch mal f\u00fcr etwas sein?\u201c \u2013 und wie wir das k\u00f6nnen! Im Zeltlager reden wir nicht nur dar\u00fcber, sondern machen es auch. Wir sind f\u00fcr eine Welt in der es jedem Menschen gut gehen kann, in der niemand arm sein muss und niemand Angst haben muss vor Gewalt und Ausgrenzung. Diese Welt bauen wir uns im Zeltlager selbst auf. Sie ist der Beweis, dass es m\u00f6glich ist. Die Regeln bestimmen wir alle zusammen und wenn jemand in der Gruppe ungerecht behandelt wird, versuchen wir gemeinsam eine gute L\u00f6sung zu finden.<\/p>\n<p>Zukunftsorientiertwollen wir uns dieses Zeltlager mit den dringenden Themen unserer Zeit besch\u00e4ftigen. \u201aVon Black Life Matters\u2018, \u00fcber den Klimanotstand und die schlimmen Zust\u00e4nde, die Menschen auf der Flucht ertragen m\u00fcssen bis hin zur Wohnungsnot und zum Feminismus. Es gibt weltweit so viele \u201eBaustellen\u201c an denen wir Verbesserungen erk\u00e4mpfen k\u00f6nnen und wir sind damit nicht allein. Es gibt zu allen von diesen Themen schon Bewegungen mit coolen Menschen von denen wir lernen k\u00f6nnen, mit denen wir solidarisch sein k\u00f6nnen und mit denen wir bauen k\u00f6nnen an unserer besseren Welt.<\/p>\n<p><del>Passenderweise hei\u00dft der Zeltplatz auf den wir fahren auch \u201eunsere Welt\u201c. Es ist ein Falkenzeltplatz.<\/del> Wir k\u00f6nnen hier Kraft tanken f\u00fcr alle Herausforderungen, die auf uns warten und uns ausruhen von allem Stress (auch vom bl\u00f6den Corona). Es wird ein extra M\u00e4dchenzelt geben und tolles Programm f\u00fcr Grundschulkinder und Jugendliche bis 17 Jahren. Und am Ende werden wir merken: \u201eGegen etwas sein\u201c ist nicht unbedingt was Schlechtes. Denn wenn man etwas Bl\u00f6des abschafft, schafft man Platz f\u00fcr etwas Besseres. Deswegen ist unser Zeltlagermotto auch: Wasser, <del>Watt<\/del> Sand und Widerstand.<del>Und wer nicht wei\u00df was ein Watt ist oder noch niemals auf einem gelaufen ist, muss erst recht mitfahren.<\/del> Wir und die<del> Wattw\u00fcrmer<\/del> Sandw\u00fcrmer freuen uns auf euch.<\/p>\n<p><u>Kontaktdaten:<\/u><br \/>\nGlei\u00dfb\u00fchlstr. 7<br \/>\n90402 N\u00fcrnberg<br \/>\nTelefon: 0911\/443709<br \/>\nF\u00fcr s\u00e4mtliche Nachfragen stehen wir gerne zur Verf\u00fcgung und beraten auch \u00fcber Zuschussm\u00f6glichkeiten.<\/p>\n<p><u>Was kostet\u2019s:<br \/>\n<\/u>F\u00fcr Mitglieder kostet&#8217;s 280 Euro, F\u00fcr Nichtmitglieder 340 Euro. Geschwisterrabatt von 30% m\u00f6glich. Darin enthalten sind Hin- und R\u00fcckfahrt, Verpflegung und Unterkunft auf dem Zeltlager in Mehrpersonenschlafzelten, nach Alter aber nicht nach Geschlecht getrennt. Wir k\u00f6nnen auch BuT Gutscheine einsetzen.<\/p>\n<p>Hier findet ihr die Ausschreibung zum ausdrucken:<\/p>\n<p><a href=\"https:\/\/www.falken-nuernberg.de\/wordpress\/wp-content\/uploads\/2021\/02\/Ausschreibung_Zela-2021-Foehr.pdf\">Ausschreibung_Zela 2021 F\u00f6hr<\/a><\/p>\n","protected":false},"excerpt":{"rendered":"<p>Wasser, Wat SAND und Widerstand! Falken Zeltlager 2021 auf der Insel F\u00f6hr vom 7. bis 22. August 2021 Achtung: ORT und ZEIT musste ge\u00e4ndert werden. Da wir aufgrund von Corona nicht nach F\u00f6hr fahren k\u00f6nnen. UMGEPLANT und JETZT: 8.-22.8. Zeltlager &hellip; <a href=\"https:\/\/www.falken-nuernberg.de\/?p=3150\">Weiterlesen <span class=\"meta-nav\">&rarr;<\/span><\/a><\/p>\n","protected":false},"author":6,"featured_media":0,"comment_status":"closed","ping_status":"closed","sticky":false,"template":"","format":"standard","meta":{"footnotes":""},"categories":[21,22,20,1,3,4],"tags":[],"class_list":["post-3150","post","type-post","status-publish","format-standard","hentry","category-aktionen","category-ausschreibungen","category-jugendliche","category-kinder","category-presse","category-veranstaltung"],"_links":{"self":[{"href":"https:\/\/www.falken-nuernberg.de\/index.php?rest_route=\/wp\/v2\/posts\/3150","targetHints":{"allow":["GET"]}}],"collection":[{"href":"https:\/\/www.falken-nuernberg.de\/index.php?rest_route=\/wp\/v2\/posts"}],"about":[{"href":"https:\/\/www.falken-nuernberg.de\/index.php?rest_route=\/wp\/v2\/types\/post"}],"author":[{"embeddable":true,"href":"https:\/\/www.falken-nuernberg.de\/index.php?rest_route=\/wp\/v2\/users\/6"}],"replies":[{"embeddable":true,"href":"https:\/\/www.falken-nuernberg.de\/index.php?rest_route=%2Fwp%2Fv2%2Fcomments&post=3150"}],"version-history":[{"count":8,"href":"https:\/\/www.falken-nuernberg.de\/index.php?rest_route=\/wp\/v2\/posts\/3150\/revisions"}],"predecessor-version":[{"id":3227,"href":"https:\/\/www.falken-nuernberg.de\/index.php?rest_route=\/wp\/v2\/posts\/3150\/revisions\/3227"}],"wp:attachment":[{"href":"https:\/\/www.falken-nuernberg.de\/index.php?rest_route=%2Fwp%2Fv2%2Fmedia&parent=3150"}],"wp:term":[{"taxonomy":"category","embeddable":true,"href":"https:\/\/www.falken-nuernberg.de\/index.php?rest_route=%2Fwp%2Fv2%2Fcategories&post=3150"},{"taxonomy":"post_tag","embeddable":true,"href":"https:\/\/www.falken-nuernberg.de\/index.php?rest_route=%2Fwp%2Fv2%2Ftags&post=3150"}],"curies":[{"name":"wp","href":"https:\/\/api.w.org\/{rel}","templated":true}]}}