{"id":3056,"date":"2020-05-01T17:43:43","date_gmt":"2020-05-01T15:43:43","guid":{"rendered":"http:\/\/www.falken-nuernberg.de\/?p=3056"},"modified":"2020-05-04T21:01:06","modified_gmt":"2020-05-04T19:01:06","slug":"kurzer-bericht-vom-1-mai-2020","status":"publish","type":"post","link":"https:\/\/www.falken-nuernberg.de\/?p=3056","title":{"rendered":"Kurzer Bericht vom 1.Mai 2020"},"content":{"rendered":"<p><a href=\"http:\/\/www.falken-nuernberg.de\/wordpress\/wp-content\/uploads\/2020\/05\/img_0871-scaled.jpg\"><img loading=\"lazy\" decoding=\"async\" class=\"alignnone size-full wp-image-3057\" src=\"http:\/\/www.falken-nuernberg.de\/wordpress\/wp-content\/uploads\/2020\/05\/img_0871-scaled.jpg\" alt=\"\" width=\"1920\" height=\"2560\" srcset=\"https:\/\/www.falken-nuernberg.de\/wordpress\/wp-content\/uploads\/2020\/05\/img_0871-scaled.jpg 1920w, https:\/\/www.falken-nuernberg.de\/wordpress\/wp-content\/uploads\/2020\/05\/img_0871-225x300.jpg 225w, https:\/\/www.falken-nuernberg.de\/wordpress\/wp-content\/uploads\/2020\/05\/img_0871-768x1024.jpg 768w, https:\/\/www.falken-nuernberg.de\/wordpress\/wp-content\/uploads\/2020\/05\/img_0871-1152x1536.jpg 1152w, https:\/\/www.falken-nuernberg.de\/wordpress\/wp-content\/uploads\/2020\/05\/img_0871-1536x2048.jpg 1536w\" sizes=\"auto, (max-width: 1920px) 100vw, 1920px\" \/><\/a> <a href=\"http:\/\/www.falken-nuernberg.de\/wordpress\/wp-content\/uploads\/2020\/05\/img_0861-scaled.jpg\"><img loading=\"lazy\" decoding=\"async\" class=\"alignnone size-full wp-image-3058\" src=\"http:\/\/www.falken-nuernberg.de\/wordpress\/wp-content\/uploads\/2020\/05\/img_0861-scaled.jpg\" alt=\"\" width=\"2560\" height=\"1920\" srcset=\"https:\/\/www.falken-nuernberg.de\/wordpress\/wp-content\/uploads\/2020\/05\/img_0861-scaled.jpg 2560w, https:\/\/www.falken-nuernberg.de\/wordpress\/wp-content\/uploads\/2020\/05\/img_0861-300x225.jpg 300w, https:\/\/www.falken-nuernberg.de\/wordpress\/wp-content\/uploads\/2020\/05\/img_0861-1024x768.jpg 1024w, https:\/\/www.falken-nuernberg.de\/wordpress\/wp-content\/uploads\/2020\/05\/img_0861-768x576.jpg 768w, https:\/\/www.falken-nuernberg.de\/wordpress\/wp-content\/uploads\/2020\/05\/img_0861-1536x1152.jpg 1536w, https:\/\/www.falken-nuernberg.de\/wordpress\/wp-content\/uploads\/2020\/05\/img_0861-2048x1536.jpg 2048w, https:\/\/www.falken-nuernberg.de\/wordpress\/wp-content\/uploads\/2020\/05\/img_0861-400x300.jpg 400w\" sizes=\"auto, (max-width: 2560px) 100vw, 2560px\" \/><\/a><\/p>\n<p class=\"Normal\"><span class=\"tm6\">Nat\u00fcrlich konnte der 1.Mai 2020 nicht so stattfinden wie sonst. Dass er aber ausfallen muss oder dass wir deswegen nicht demonstrieren k\u00f6nnen &#8211; das ist Quatsch und das haben wir heute bewiesen.<\/span><\/p>\n<p class=\"Normal\"><span class=\"tm6\">\u00a0<\/span><\/p>\n<p class=\"Normal\"><span class=\"tm6\">Als Teil des revolution\u00e4ren 1.Mai &#8211; B\u00fcndnisses waren wir heute zun\u00e4chst auf einer begrenzten Kundgebung am Petra-Kelly-Platz\/Bauernplatz vertreten mit der Forderung, dass wir prek\u00e4ren Besch\u00e4ftigungsverh\u00e4ltnissen endlich den Garaus machen m\u00fcssen und mit dem Hinweis, dass vom Klatschen kein Mensch Miete bezahlen kann.<\/span><\/p>\n<p class=\"Normal\"><span class=\"tm6\">\u00a0<\/span><\/p>\n<p class=\"Normal\"><span class=\"tm6\">Im Anschluss haben wir uns am Spaziergang zum 1.Mai beteiligt. Wir sind also mit etwa 900 Genoss*innen durch die Stadt gezogen &#8211; alle mit rotem Mundschutz und stets darauf bedacht, dass die Sicherheitsabst\u00e4nde eingehalten und die Schutzma\u00dfnahmen gegen Corona ernst genommen werden.<\/span><\/p>\n<p class=\"Normal\"><span class=\"tm6\">\u00a0<\/span><\/p>\n<p class=\"Normal\"><span class=\"tm6\">Dabei haben wir Lieder unserer Klasse und Bewegung gesungen: Einheitsfrontlied, Arbeiter*innen von Wien, Brot und Rosen und Bella Ciao. Wir haben \u201einternationale Solidarit\u00e4t\u201c eingefordert und unser Bekenntnis dazu ausgedr\u00fcckt. Wir haben deutlich gemacht, dass die Reichen die Krise zahlen sollen. Die Krise darf #nichtaufunseremruecken abgew\u00e4lzt werden. <\/span><\/p>\n<p>Ein gro\u00dfes Danke an all die entschlossenen und mutigen und gut vorbereiteten Genoss*innen heute!<\/p>\n<p class=\"Normal\"><span class=\"tm6\">\u00a0<\/span><\/p>\n<p class=\"Normal\"><span class=\"tm6\">Lest unseren Aufruf zum 1.Mai, in dem unsere Forderungen stehen, die wir heute trotz Demonstrationsverbot mit Kreativit\u00e4t und Flexibilit\u00e4t auf die Stra\u00dfe getragen haben: <\/span><u><a href=\"http:\/\/www.falken-nuernberg.de\/?p=3046\"><span class=\"tm6\">http:\/\/www.falken-nuernberg.de\/?p=3046<\/span><\/a><\/u><\/p>\n<p class=\"Normal\"><span class=\"tm6\">\u00a0<\/span><\/p>\n<p class=\"Normal\"><span class=\"tm6\">Freundschaft!<\/span><\/p>\n<p class=\"Normal\"><span class=\"tm6\">Falken N\u00fcrnberg, 1.Mai 2020<\/span><\/p>\n<p class=\"Normal\"><span class=\"tm6\">\u00a0<\/span><\/p>\n<p class=\"Normal\"><span class=\"tm6\">\u00a0<\/span><\/p>\n<p class=\"Normal\">\n","protected":false},"excerpt":{"rendered":"<p>Nat\u00fcrlich konnte der 1.Mai 2020 nicht so stattfinden wie sonst. Dass er aber ausfallen muss oder dass wir deswegen nicht demonstrieren k\u00f6nnen &#8211; das ist Quatsch und das haben wir heute bewiesen. \u00a0 Als Teil des revolution\u00e4ren 1.Mai &#8211; B\u00fcndnisses &hellip; <a href=\"https:\/\/www.falken-nuernberg.de\/?p=3056\">Weiterlesen <span class=\"meta-nav\">&rarr;<\/span><\/a><\/p>\n","protected":false},"author":7,"featured_media":0,"comment_status":"closed","ping_status":"open","sticky":false,"template":"","format":"standard","meta":{"footnotes":""},"categories":[21,3,4],"tags":[],"class_list":["post-3056","post","type-post","status-publish","format-standard","hentry","category-aktionen","category-presse","category-veranstaltung"],"_links":{"self":[{"href":"https:\/\/www.falken-nuernberg.de\/index.php?rest_route=\/wp\/v2\/posts\/3056","targetHints":{"allow":["GET"]}}],"collection":[{"href":"https:\/\/www.falken-nuernberg.de\/index.php?rest_route=\/wp\/v2\/posts"}],"about":[{"href":"https:\/\/www.falken-nuernberg.de\/index.php?rest_route=\/wp\/v2\/types\/post"}],"author":[{"embeddable":true,"href":"https:\/\/www.falken-nuernberg.de\/index.php?rest_route=\/wp\/v2\/users\/7"}],"replies":[{"embeddable":true,"href":"https:\/\/www.falken-nuernberg.de\/index.php?rest_route=%2Fwp%2Fv2%2Fcomments&post=3056"}],"version-history":[{"count":1,"href":"https:\/\/www.falken-nuernberg.de\/index.php?rest_route=\/wp\/v2\/posts\/3056\/revisions"}],"predecessor-version":[{"id":3059,"href":"https:\/\/www.falken-nuernberg.de\/index.php?rest_route=\/wp\/v2\/posts\/3056\/revisions\/3059"}],"wp:attachment":[{"href":"https:\/\/www.falken-nuernberg.de\/index.php?rest_route=%2Fwp%2Fv2%2Fmedia&parent=3056"}],"wp:term":[{"taxonomy":"category","embeddable":true,"href":"https:\/\/www.falken-nuernberg.de\/index.php?rest_route=%2Fwp%2Fv2%2Fcategories&post=3056"},{"taxonomy":"post_tag","embeddable":true,"href":"https:\/\/www.falken-nuernberg.de\/index.php?rest_route=%2Fwp%2Fv2%2Ftags&post=3056"}],"curies":[{"name":"wp","href":"https:\/\/api.w.org\/{rel}","templated":true}]}}