{"id":3046,"date":"2020-04-28T23:06:30","date_gmt":"2020-04-28T21:06:30","guid":{"rendered":"http:\/\/www.falken-nuernberg.de\/?p=3046"},"modified":"2020-05-04T21:01:06","modified_gmt":"2020-05-04T19:01:06","slug":"nichtaufunseremruecken-unser-arbeiterinnenkampftag","status":"publish","type":"post","link":"https:\/\/www.falken-nuernberg.de\/?p=3046","title":{"rendered":"#nichtaufunseremr\u00fccken &#8211; unser Arbeiter*innenkampftag"},"content":{"rendered":"<p><a href=\"http:\/\/www.falken-nuernberg.de\/wordpress\/wp-content\/uploads\/2020\/04\/1.mai_.png\"><img loading=\"lazy\" decoding=\"async\" class=\"alignnone size-full wp-image-3047\" src=\"http:\/\/www.falken-nuernberg.de\/wordpress\/wp-content\/uploads\/2020\/04\/1.mai_.png\" alt=\"\" width=\"1173\" height=\"773\" srcset=\"https:\/\/www.falken-nuernberg.de\/wordpress\/wp-content\/uploads\/2020\/04\/1.mai_.png 1173w, https:\/\/www.falken-nuernberg.de\/wordpress\/wp-content\/uploads\/2020\/04\/1.mai_-300x198.png 300w, https:\/\/www.falken-nuernberg.de\/wordpress\/wp-content\/uploads\/2020\/04\/1.mai_-1024x675.png 1024w, https:\/\/www.falken-nuernberg.de\/wordpress\/wp-content\/uploads\/2020\/04\/1.mai_-768x506.png 768w, https:\/\/www.falken-nuernberg.de\/wordpress\/wp-content\/uploads\/2020\/04\/1.mai_-455x300.png 455w\" sizes=\"auto, (max-width: 1173px) 100vw, 1173px\" \/><\/a><\/p>\n<p class=\"Normal tm6 tm7\"><span class=\"tm8\">\u00a0<\/span><\/p>\n<p class=\"Normal tm6 tm9\"><span class=\"tm8\">Die Corona-Krise und der beh\u00f6rdliche Umgang mit ihr trifft nicht alle gleich &#8211; er trifft die Menschen so unterschiedlich, wie die Klassen in dieser Gesellschaft unterschiedlich sind (siehe <\/span><u><a href=\"http:\/\/www.falken-nuernberg.de\/?p=2643\"><span class=\"tm8\">http:\/\/www.falken-nuernberg.de\/?p=2643<\/span><\/a><\/u>).<\/p>\n<p class=\"Normal tm6 tm9\"><span class=\"tm8\">\u00a0<\/span><\/p>\n<p class=\"Normal tm6 tm9\"><span class=\"tm8\">Wir sind Arbeiter*innen, abh\u00e4ngig Besch\u00e4ftigte, Frauen, Sch\u00fcler*innen, Studierende, Kinder, Jugendliche, kleine (Schein-)Selbstst\u00e4ndige und Gefl\u00fcchtete &#8211; wir arbeiten im Handwerk, im Bildungs-, Erziehungs- und Sozialbereich, im Gesundheits- und Pflegewesen, in der Logistik, im IT-Bereich, im Einzel- und Gro\u00dfhandel. Oder wir werden eines Tages in diesen Bereichen arbeiten. Wir sind die, die heute oder in Zukunft all die sch\u00f6nen Sachen herstellen oder einr\u00e4umen, die dann verkauft werden k\u00f6nnen. Wir sind es, die heute oder in Zukunft daf\u00fcr sorgen, dass wir alle gesund sind, unsere Kinder aufziehen und uns um das ganze \u201eDrumherum\u201c k\u00fcmmern.<\/span><\/p>\n<p class=\"Normal tm6 tm9\"><span class=\"tm8\">\u00a0<\/span><\/p>\n<p class=\"Normal tm6 tm9\"><span class=\"tm8\">Gerade wird die Abw\u00e4lzung der Corona-Krise und ihrer wirtschaftlichen Folgen vorbereitet und zum Teil bereits durchgef\u00fchrt &#8211; auf unserem R\u00fccken.<\/span><\/p>\n<p class=\"Normal tm6 tm7\"><span class=\"tm8\">\u00a0<\/span><\/p>\n<p class=\"Normal tm6 tm7\"><strong><u><span class=\"tm11\">Auf dem R\u00fccken der Arbeiter*innen:<\/span><\/u><\/strong><\/p>\n<p class=\"Normal tm6 tm7\"><span class=\"tm8\">Als \u201eDankesch\u00f6n\u201c f\u00fcr die \u201esystemrelevant\u201c Besch\u00e4ftigten hat Arbeits- und Sozialminister Hubertus Heil eine Verordnung erlassen, die die Arbeitszeitregelung aufweicht, und damit den 12-Stunden-Arbeitstag vorerst bis Ende Juli befristet eingef\u00fchrt. Aber wir wissen: das Kapital ist profithungrig und will schon lange den 8-Stunden-Tag zu unseren Lasten beseitigen. Unternehmen, die in der Vergangenheit hohe Profite eingefahren haben und noch immer Dividende aussch\u00fctten, werden nun durch staatliche Rettungsschirme gesch\u00fctzt. Die Kurzarbeit bietet den Unternehmer*innen enorme Vorteile, w\u00e4hrend das Kurzarbeitergeld den Arbeiter*innen hinten und vorne nicht zum Leben reicht. Obendrauf zahlt dieses Kurzarbeitergeld nicht der Betrieb, sondern die Bundesagentur f\u00fcr Arbeit: Die Weiterbesch\u00e4ftigung wird also faktisch von den Lohnabh\u00e4ngigen selbst finanziert, aus den vorher von ihnen eingezahlten Beitr\u00e4gen zur Arbeitslosenversicherung.<\/span><\/p>\n<p class=\"Normal tm6 tm7\"><span class=\"tm8\">\u00a0<\/span><\/p>\n<p class=\"Normal tm6 tm9\"><span class=\"tm8\">Wir fordern:\u00a0<\/span><\/p>\n<p class=\"Normal tm6 tm9\"><span class=\"tm8\">&#8211; die Einf\u00fchrung des 4-Stunden-Arbeitstags bei vollem Lohn- und Personalausgleich. Zahlen muss das Kapital &#8211; in direkter Form oder indirekt \u00fcber Steuern.<\/span><\/p>\n<p class=\"Normal tm6 tm9\"><span class=\"tm8\">&#8211; 100% Lohnfortzahlung durch die\u00a0Konzerne<\/span><\/p>\n<p class=\"Normal tm6 tm9\"><span class=\"tm8\">&#8211; Mindestlohn rauf und Durchsetzung umfassender Tarifvertr\u00e4ge statt weiterer Tarifflucht durch Unternehmen<\/span><\/p>\n<p class=\"Normal tm6 tm9\"><span class=\"tm8\">&#8211;\u00a0Die Wiedereinf\u00fchrung der Verm\u00f6genssteuer als Million\u00e4rssteuer\u00a0als ersten Schritt<\/span><\/p>\n<p class=\"Normal tm6 tm9\"><span class=\"tm8\">&#8211; l\u00e4ngerfristig die Enteignung\u00a0und Vergesellschaftung der Produktionsmittel<\/span><\/p>\n<p class=\"Normal tm6 tm7\"><span class=\"tm8\">\u00a0<\/span><\/p>\n<p class=\"Normal tm6 tm7\"><strong><u><span class=\"tm11\">Auf dem R\u00fccken der Frauen:<\/span><\/u><\/strong><\/p>\n<p class=\"Normal tm6 tm7\"><span class=\"tm8\">Als ob es selbstverst\u00e4ndlich w\u00e4re, wird die unbezahlte Care-Arbeit den Frauen aufgebrummt. Wenn KiTas, Pflegeheime, etc. geschlossen werden, m\u00fcssen Frauen noch mehr als zuvor unbezahlt arbeiten: sie erziehen und schulen die Kinder, pflegen die Alten und Kranken, kochen, putzen und managen die Familie durch die Krise. Zugleich steigt in der Quarant\u00e4ne oder der Kurzarbeits-Zeit des Mannes die Gefahr von M\u00e4nnergewalt gegen Frauen und Kinder. Die Frauenh\u00e4user sind \u00fcbervoll, w\u00e4hrend Hotels leer stehen. Diejenigen Berufe, die die Gesellschaft gerade am Laufen halten und f\u00fcr unser t\u00e4gliches \u00dcberleben sorgen, werden zu 80% von Frauen verrichtet. Das sind die schlecht entlohnten und wenig anerkannten Berufe, f\u00fcr die heute zwar geklatscht, aber immer noch nicht ordentlich gezahlt wird. Obendrauf sind gerade die tendenziell weiblichen Berufe die eher unsicheren: Erzieherinnen in der Notbetreuung haben keine Chance, den Abstand zu den Kindern einzuhalten. Im Einzelhandel ist kein Home Office m\u00f6glich.<\/span><\/p>\n<p class=\"Normal tm6 tm7\"><span class=\"tm8\">\u00a0<\/span><\/p>\n<p class=\"Normal tm6 tm9\"><span class=\"tm8\">Wir fordern:<\/span><\/p>\n<p class=\"Normal tm6 tm9\"><span class=\"tm8\">&#8211; Leerstand nutzen. Hotels in kommunale Hand und als Frauenh\u00e4user nutzen<\/span><\/p>\n<p class=\"Normal tm6 tm9\"><span class=\"tm8\">&#8211; F\u00f6rderpaket f\u00fcr Frauenh\u00e4user und feministische NGOs.<\/span><\/p>\n<p class=\"Normal tm6 tm9\"><span class=\"tm8\">&#8211; Gleichstellung der L\u00f6hne zwischen M\u00e4nnern und Frauen.<\/span><\/p>\n<p class=\"Normal tm6 tm9\"><span class=\"tm8\">&#8211; Care-Arbeit muss gerecht verteilt werden<\/span><\/p>\n<p class=\"Normal tm6 tm7\"><span class=\"tm8\">\u00a0<\/span><\/p>\n<p class=\"Normal tm6 tm7\"><strong><u><span class=\"tm11\">Auf dem R\u00fccken der Kinder und Sch\u00fcler*innen:<\/span><\/u><\/strong><\/p>\n<p class=\"Normal tm6 tm7\"><span class=\"tm8\">W\u00e4hrend Baum\u00e4rkte wieder ihre Pforten \u00f6ffnen und die Produktion nie konsequent runtergefahren wurde, wurden Spielpl\u00e4tze, Museen, KiTas geschlossen. Auch unsere Kindergruppen d\u00fcrfen sich gerade nicht treffen. Dabei brauchen Kinder den Kontakt mit anderen Kindern und die Gruppendynamik unter ihnen, um sich wohl f\u00fchlen zu k\u00f6nnen und zu lernen. Die Schule wird in erster Linie vermisst, weil die Kinder am Pausenhof genau diesen Kontakt hatten. Stattdessen sollen sie nun im homeschooling allein lernen. Das ist ungerecht, denn die einen k\u00f6nnen sich abwechselnd mit beiden Elternteilen hinsetzen und sich durch moderne Technik unterst\u00fctzt durch die\u00a0Aufgaben qu\u00e4len. Den anderen ist das Arbeiten unm\u00f6glich, weil sie kein eigenes Zimmer, keinen eigenen Computer oder keine Eltern haben, die ihnen bei den\u00a0Aufgaben helfen k\u00f6nnen.<\/span><\/p>\n<p class=\"Normal tm6 tm7\"><span class=\"tm8\">Eine Versch\u00e4rfung der Bildungsungerechtigkeit und eine sich immer weiter \u00f6ffnende soziale Schere werden damit billigend in Kauf genommen.<\/span><\/p>\n<p class=\"Normal tm6 tm7\"><span class=\"tm8\">Die kaputtgesparte \u00f6ffentliche Bildung ist nicht in der Lage, vern\u00fcnftige Schutzma\u00dfnahmen zu treffen. Dadurch ist die von der Politik angestrebte Schul\u00f6ffnung um jeden Preis mit einen enormen k\u00f6rperlichen und psychischen Risiko f\u00fcr Sch\u00fcler*innen, Eltern und Lehrer*innen verbunden.<\/span><\/p>\n<p class=\"Normal tm6 tm7\"><span class=\"tm8\">\u00a0<\/span><\/p>\n<p class=\"Normal tm6 tm9\"><span class=\"tm8\">Wir fordern:\u00a0<\/span><\/p>\n<p class=\"Normal tm6 tm9\"><span class=\"tm8\">&#8211; konsequente Schlie\u00dfung des\u00a0Schulbetriebs<\/span><\/p>\n<p class=\"Normal tm6 tm9\"><span class=\"tm8\">&#8211; \u00d6ffnung von Kindergruppen in verantwortlicher und sicherer Weise<\/span><\/p>\n<p class=\"Normal tm6 tm9\"><span class=\"tm8\">&#8211; sofortige Wieder\u00f6ffnung der Spielpl\u00e4tze &#8211; au\u00dferdem\u00a0Schaffung neuer, gr\u00f6\u00dferer Spielpl\u00e4tze, um Abst\u00e4nde einhalten zu k\u00f6nnen.<\/span><\/p>\n<p class=\"Normal tm6 tm9\"><span class=\"tm8\">&#8211; Keine Schulpr\u00fcfungen bis zum Ende der Pandemie<\/span><\/p>\n<p class=\"Normal tm6 tm7\"><span class=\"tm8\">\u00a0<\/span><\/p>\n<p class=\"Normal tm6 tm7\"><strong><u><span class=\"tm11\">Auf dem R\u00fccken der Jugend und kommender Generationen:<\/span><\/u><\/strong><\/p>\n<p class=\"Normal tm6 tm7\"><span class=\"tm8\">Wenn heute mit Geld f\u00fcr Unternehmen um sich geworfen wird, wird es morgen\u00a0um so h\u00e4rter\u00a0eingespart werden. Das heute f\u00fcr die Kapitalisten ausgegebene Geld wird sich der Staat von anderer Seite wiederholen, sodass es wieder hei\u00dfen wird: F\u00fcr Kultur, Kunst, ein ordentliches Gesundheitswesen, f\u00fcr Jugendarbeit und\u00a0sanierungsbed\u00fcrftigeSchultoiletten sei ja leider kein Geld da.<\/span><\/p>\n<p class=\"Normal tm6 tm12\"><span class=\"tm8\"><br \/>\nWir fordern:<\/span><\/p>\n<p class=\"Normal tm6 tm12\"><span class=\"tm8\">&#8211;\u00a0sp\u00fcrbar bis massiver finanzieller Ausbau der freien, kommunalen und vor allem der verbandlichen Kinder- und Jugendarbeit<\/span><\/p>\n<p class=\"Normal tm6 tm12\"><span class=\"tm8\">&#8211; Die Unterst\u00fctzung\u00a0von\u00a0selbstverwalteten\u00a0Jugend- und Kulturzentren,\u00a0Jugendvereinen und Vereinsst\u00e4tten, sowie Zeltpl\u00e4tzen,\u00a0damit uns auch nach Corona mehr als die kommerzielle Kultur bleibt.<\/span><\/p>\n<p class=\"Normal tm6 tm12\"><span class=\"tm8\">&#8211; Umnutzung der leerstehenden Schulgeb\u00e4ude als Beratungs- und Zufluchtsort f\u00fcr Kinder und Jugendliche, die es zu Hause nicht mehr aushalten.<\/span><\/p>\n<p class=\"Normal tm6 tm7\"><strong><u><span class=\"tm11\">Auf dem R\u00fccken von Menschen mit Behinderung:<\/span><\/u><\/strong><\/p>\n<p class=\"Normal tm6 tm7\"><span class=\"tm8\">Noch immer m\u00fcssen z.B. geh\u00f6rlose Menschen\u00a0barrierefreie Informationen \u00fcber Pandemie und Ma\u00dfnahmen\u00a0einfordern,und das, obwohl es\u00a0um Leben und Tod geht. Menschen m\u00fcssen leben k\u00f6nnen wie sie wollen. \u201eSachzw\u00e4nge\u201c f\u00fchren dazu, dass Menschen in Einrichtungen leben m\u00fcssen. In der Pandemie zeigt sich wie gef\u00e4hrlich die Konzentration vieler gef\u00e4hrdeter Menschen auf engem Raum ist.\u00a0Obendrauf werden in der Pandemie ohnehin bereits isolierte Menschen noch st\u00e4rker isoliert, sie werden vom gesellschaftlichen Leben ausgeschlossen. Die Kapitalisten\u00a0und Liberalen nehmen mittlerweile eine h\u00f6here Zahl an Toten in Kauf, um ihren wirtschaftlichen Schaden zu minimieren. Das\u00a0fu\u00dft auf der Pr\u00e4misse, dass sich die Fitteren durchsetzen und schw\u00e4chere Glieder der Gesellschaft ihnen falls notwendig geopfert werden m\u00fcssen.\u00a0Ihre Vorstellungen von Gesellschaft tragen im Kern die Eugenik schon in sich. Diesen menschenverachtenden Vorstellungen m\u00fcssen wir den Kampf ansagen!<\/span><\/p>\n<p class=\"Normal tm6 tm12\"><span class=\"tm8\"><br \/>\nWir fordern:<\/span><\/p>\n<p class=\"Normal tm6 tm12\"><span class=\"tm8\">&#8211; Barrierefreiheit in der Informationspolitik<\/span><\/p>\n<p class=\"Normal tm6 tm12\"><span class=\"tm8\">&#8211; Dezentralisierung und Schaffung von Strukturen, die ein selbstbestimmtes Leben in der Gemeinschaft f\u00fcr alte und behinderte Menschen erm\u00f6glichen<\/span><\/p>\n<p class=\"Normal tm6 tm12\"><span class=\"tm8\">&#8211; konsequente Ber\u00fccksichtigung von Menschen mit Behinderung\u00a0in \u00f6ffentlichen Entscheidungen, ausgehend von der Selbstorganisierung ihrer Bewegungen<\/span><\/p>\n<p class=\"Normal tm6 tm12\"><span class=\"tm8\">&#8211; konsequente Schutzma\u00dfnahmen f\u00fcr Personal und Bewohner*innen von Heimeinrichtungen f\u00fcr Menschen mit Behinderung; es muss auch dort Handschuhe, Masken, etc. f\u00fcr Alle geben!<\/span><\/p>\n<p class=\"Normal tm6 tm7\"><strong><u><span class=\"tm11\">Auf dem R\u00fccken der Gefl\u00fcchteten und der Migrant*innen:<\/span><\/u><\/strong><\/p>\n<p class=\"Normal tm6 tm7\"><span class=\"tm8\">Die deutsche Agrarindustrie konnte durchsetzen, dass zehntausende Billig-Lohn-Erntehelfer*innen aus Rum\u00e4nien eingeflogen wurden. Dem Kapital wurden die Grenzen f\u00fcr den Transport von Arbeitskr\u00e4fte ge\u00f6ffnet. Zur gleichen Zeit sitzen Gefl\u00fcchtete in den Lagern an den EU-Au\u00dfengrenzen fest, wo sie unter menschenunw\u00fcrdigen Bedingungen festh\u00e4ngen und an einem sicheren Leben gehindert werden. In den Gemeinschaftsunterk\u00fcnften in Deutschland werden Menschen zusammengepfercht, ohne dass sie auch nur eine Chance h\u00e4tten, Corona-Sicherheitsma\u00dfnahmen zu treffen.<\/span><\/p>\n<p class=\"Normal tm6 tm7\"><span class=\"tm8\">\u00a0<\/span><\/p>\n<p class=\"Normal tm6 tm12\"><span class=\"tm8\">Wir fordern:<\/span><\/p>\n<p class=\"Normal tm6 tm12\"><span class=\"tm8\">&#8211; sofortige Evakuierung der Lager an den EU-Au\u00dfengrenzen.\u00a0\u00dcber Rettung von Menschenleben darf nicht diskutiert werden.\u00a0Wir haben Platz!<\/span><\/p>\n<p class=\"Normal tm6 tm12\"><span class=\"tm8\">&#8211; Wiedereinf\u00fchrung des Grundrechts auf Asyl. Dublin II abschaffen.<\/span><\/p>\n<p class=\"Normal tm6 tm12\"><span class=\"tm8\">&#8211; ad\u00e4quate Kinderbetreuung in den Gemeinschaftsunterk\u00fcnften f\u00fcr Gefl\u00fcchtete\u00a0zur\u00a0Entlastung der Eltern\/M\u00fctter solange diese\u00a0in Quarant\u00e4ne sind<\/span><\/p>\n<p class=\"Normal tm6 tm12\"><span class=\"tm8\">&#8211;\u00a0Mindestens Mindestlohn f\u00fcr Erntehelfer*innen und andere migrantische Arbeiter*innen und die starke Kontrolle von Schutzma\u00dfnahmen<\/span><\/p>\n<p class=\"Normal tm6 tm12\"><span class=\"tm8\">&#8211; Konsequente Verfolgung und Bek\u00e4mpfung von Menschenhandel, auch in Krisenzeiten!<\/span><\/p>\n<p class=\"Normal tm6\"><span class=\"tm8\">Die aktuelle und die kommenden Krisen\u00a0\u00a0sollten\u00a0nicht unsere Krisen\u00a0sein\u00a0&#8211;\u00a0lasst die\u00a0Kapitalist*innen,\u00a0die\u00a0Bosse und\u00a0die\u00a0Manager*innen\u00a0zahlen!\u00a0Sie fahren stets die Profite ein, die wir erarbeiten. Wenn diese nun ausbleiben, darf das nicht unser Problem sein. Wir wehren uns dagegen, dass erneut die Verluste vergesellschaftet, aber die Gewinne privatisiert werden. Wir lehnen das\u00a0nationale\u00a0\u201eWir\u201c ab, das jetzt angeblich den G\u00fcrtel enger schnallen muss, um den Reichen das Ausbleiben ihrer Gewinne auszub\u00fcgeln. Stattdessen w\u00e4hlen wir das \u201eWir\u201c, das sich wehrt. Es ist die Krise der Kapitalist*innen, nicht unsere. Wir werden nicht zulassen, dass sie sie auf unserem R\u00fccken abw\u00e4lzen. Durch die Pandemie wird die schon l\u00e4nger heranziehende Weltwirtschaftskrise beschleunigt und verst\u00e4rkt. M\u00f6gen die Kapitalist*innen so viel jammern wie sie wollen: f\u00fcr uns zeigt sich jetzt so deutlich wie nie, dass wir eine befreite Gesellschaft brauchen, welche sich nach unseren Bed\u00fcrfnissen statt nach Profiten richtet!<\/span><\/p>\n<p class=\"Normal tm6 tm7\"><span class=\"tm8\">\u00a0<\/span><\/p>\n<p class=\"Normal tm6 tm7\"><span class=\"tm8\">Der 1. Mai ist der Kampftag der Arbeiter*innenklasse. Wir k\u00e4mpfen f\u00fcr h\u00f6here L\u00f6hne, geringere Arbeitszeiten, (geschlechter-)gerechte Verteilung der Arbeit, Kinderrechte, Bildungsgerechtigkeit und eine klassenlose Gesellschaft, in der wir sicher, frei und solidarisch leben k\u00f6nnen.<\/span><\/p>\n<p class=\"Normal tm6 tm7\"><span class=\"tm8\">Deshalb: Lasst euch nicht von der Corona-Lethargie und Einsamkeit einsch\u00fcchtern\u00a0oder l\u00e4hmen. Am 1.Mai kann man viel machen, um seine Unzufriedenheit und Kritik an dem, was uns angetan wird, auszudr\u00fccken &#8211; ohne sich oder andere zu gef\u00e4hrden.<\/span><\/p>\n<p class=\"Normal tm6 tm7\"><span class=\"tm8\">\u00a0<\/span><\/p>\n<p class=\"Normal tm6 tm7\"><span class=\"tm8\">Wir schlagen euch folgende <\/span><strong><span class=\"tm13\">AKTIVIT\u00c4TEN<\/span><\/strong><span class=\"tm8\"> f\u00fcr den 1.Mai vor:<\/span><\/p>\n<p class=\"Normal tm6 tm7\"><span class=\"tm8\">\u00a0\u00a0\u00a0\u00a0<\/span><\/p>\n<p class=\"Normal tm6 tm7\"><strong><span class=\"tm11\">\u00a0\u00a0\u00a0Aktivit\u00e4t 1:<\/span><\/strong><span class=\"tm8\"> h\u00e4ngt Falkenfahnen oder rote Fahnen aus eurem Fenster, von euren Balkonen oder an euer Auto oder Fahrrad und zeigt, dass ihr Teil der sozialistischen Arbeiter*innen-Bewegung seid<\/span><\/p>\n<p class=\"Normal tm6 tm7\"><span class=\"tm8\">\u00a0<\/span><\/p>\n<p class=\"Normal tm6 tm7\"><span class=\"tm8\">\u00a0\u00a0\u00a0<\/span><strong><span class=\"tm11\">Aktivit\u00e4t 2:<\/span><\/strong><span class=\"tm8\"> spielt Lieder ab &#8211; beschallt die Nachbarschaft aus euren Fenstern, von den Balkonen oder aus euren mobilen Boxen &#8211; dazu gibt es folgende spotify-Playlist, die ihr nutzen k\u00f6nnt:\u00a0<\/span><u><a href=\"https:\/\/open.spotify.com\/playlist\/1Nn5ZMWU0hIsJ0GQSPBn5I?si=dLHqYF4BReis2tme8LeI1A\"><span class=\"tm8\">https:\/\/open.spotify.com\/playlist\/1Nn5ZMWU0hIsJ0GQSPBn5I?si=dLHqYF4BReis2tme8LeI1A<\/span><\/a><\/u><\/p>\n<p class=\"Normal tm6 tm7\"><span class=\"tm8\">\u00a0<\/span><\/p>\n<p class=\"Normal tm6 tm7\"><span class=\"tm8\">\u00a0\u00a0 <\/span><strong><span class=\"tm11\">Aktivit\u00e4t 3: <\/span><\/strong><span class=\"tm8\">singt Arbeiter*innenlieder, wir schlagen euch folgende vor:\u00a0<\/span><\/p>\n<p class=\"Normal tm6\"><u><a href=\"https:\/\/www2.wir-falken.de\/uploads\/gruppenbuch_end_10.pdf\"><span class=\"tm8\">https:\/\/www2.wir-falken.de\/uploads\/gruppenbuch_end_10.pdf<\/span><\/a><\/u><\/p>\n<p class=\"Normal tm6 tm7\"><u><a href=\"https:\/\/www.marxists.org\/subject\/art\/music\/lyrics\/de\/die-einheitsfront.htm\"><span class=\"tm8\">https:\/\/www.marxists.org\/subject\/art\/music\/lyrics\/de\/die-einheitsfront.htm<\/span><\/a><\/u><\/p>\n<p class=\"Normal tm6 tm7\"><u><a href=\"https:\/\/www.anarchismus.at\/kulturbewegung\/liedtexte\/5998-brot-und-rosen\"><span class=\"tm8\">https:\/\/www.anarchismus.at\/kulturbewegung\/liedtexte\/5998-brot-und-rosen<\/span><\/a><\/u><\/p>\n<p class=\"Normal tm6 tm7\"><u><a href=\"http:\/\/www.kommunisten.ch\/index.php?article_id=68\"><span class=\"tm8\">http:\/\/www.kommunisten.ch\/index.php?article_id=68<\/span><\/a><\/u><\/p>\n<p class=\"Normal tm6 tm7\"><span class=\"tm8\">\u00a0<\/span><\/p>\n<p class=\"Normal tm6 tm7\"><span class=\"tm8\">\u00a0<\/span><strong><span class=\"tm11\">Aktivit\u00e4t 4:<\/span><\/strong><span class=\"tm8\"> Bastelt Papierflieger mit euren Forderungen, ihr k\u00f6nnt gerne welche aus den unseren von oben \u00fcbernehmen und lasst sie in die Stadt fliegen<\/span><\/p>\n<p class=\"Normal tm6 tm7\"><span class=\"tm8\">\u00a0<\/span><\/p>\n<p class=\"Normal tm6 tm7\"><strong><span class=\"tm11\">Aktivit\u00e4t 5:<\/span><\/strong><span class=\"tm8\"> Bemalt eure Stra\u00dfe mit Stra\u00dfenmalkreide, damit alle lesen k\u00f6nnen, was ihr wollt &#8211; aber passt auf Autos auf.<\/span><\/p>\n<p>&nbsp;<\/p>\n<p class=\"Normal tm6 tm7\"><strong><span class=\"tm11\">Aktivit\u00e4t 6:<\/span><\/strong><span class=\"tm8\"> Malt gro\u00dfe Banner und Transparente oder Plakate und h\u00e4ngt sie auf, in der Stadt, am Fenster oder im Kinderzimmer. Hier findet ihr Vorlagen zum Drucken:\u00a0<\/span><u><a href=\"http:\/\/www.falken-nuernberg.de\/?p=3033\"><span class=\"tm8\">http:\/\/www.falken-nuernberg.de\/?p=3033<\/span><\/a><\/u><\/p>\n<p class=\"Normal tm6 tm7\"><span class=\"tm8\">\u00a0<\/span><\/p>\n<p class=\"Normal tm6 tm7\"><strong><span class=\"tm11\">Aktivit\u00e4t 7: <\/span><\/strong><span class=\"tm8\">checkt folgende Seiten f\u00fcr weitere Infos, was an dem Tag m\u00f6glich ist.<\/span><\/p>\n<p class=\"Normal tm6 tm7\"><span class=\"tm8\">\u00a0\u00a0\u00a0\u00a0<\/span><u><a href=\"http:\/\/www.redside.tk\"><span class=\"tm8\">www.redside.tk<\/span><\/a><\/u><\/p>\n<p class=\"Normal tm6 tm7\"><span class=\"tm8\">\u00a0\u00a0\u00a0\u00a0<\/span><u><a href=\"https:\/\/www.facebook.com\/events\/243955100303885\/\"><span class=\"tm8\">https:\/\/www.facebook.com\/events\/243955100303885\/<\/span><\/a><\/u><\/p>\n<p class=\"Normal tm6 tm7\"><strong><span class=\"tm11\">Aktivit\u00e4t 8:<\/span><\/strong><span class=\"tm8\"> Filmt oder fotografiert, was ihr an dem Tag cooles macht, was ihr fordert und wof\u00fcr oder wogegen ihr seid. Schickt es uns auf Facebook oder Instagram oder postet es selbst unter dem Hashtag #nichtaufunseremr\u00fccken.<\/span><\/p>\n<p>&nbsp;<\/p>\n<p class=\"Normal tm6 tm7\"><span class=\"tm8\">Gebt Corona keine Chance! Achtet stets auf Abstand zu Anderen und tragt Mundschutz. Am Besten nat\u00fcrlich einen roten.<\/span><span class=\"tm8\">\u00a0<\/span><\/p>\n<p class=\"Normal tm6\"><span class=\"tm8\">Sozialistische Jugend Deutschlands &#8211; Die Falken in N\u00fcrnberg<br \/>\n<\/span><\/p>\n<p class=\"Normal tm6 tm7\"><span class=\"tm8\">\u00a0<\/span><\/p>\n<p class=\"Normal tm6 tm7\"><span class=\"tm8\">\u00a0<\/span><\/p>\n<p class=\"Normal\">\n<p><a href=\"http:\/\/www.falken-nuernberg.de\/wordpress\/wp-content\/uploads\/2020\/04\/Aufruf-1Mai.pdf\">Aufruf 1Mai<\/a><\/p>\n","protected":false},"excerpt":{"rendered":"<p>\u00a0 Die Corona-Krise und der beh\u00f6rdliche Umgang mit ihr trifft nicht alle gleich &#8211; er trifft die Menschen so unterschiedlich, wie die Klassen in dieser Gesellschaft unterschiedlich sind (siehe http:\/\/www.falken-nuernberg.de\/?p=2643). \u00a0 Wir sind Arbeiter*innen, abh\u00e4ngig Besch\u00e4ftigte, Frauen, Sch\u00fcler*innen, Studierende, Kinder, &hellip; <a href=\"https:\/\/www.falken-nuernberg.de\/?p=3046\">Weiterlesen <span class=\"meta-nav\">&rarr;<\/span><\/a><\/p>\n","protected":false},"author":7,"featured_media":0,"comment_status":"closed","ping_status":"open","sticky":false,"template":"","format":"standard","meta":{"footnotes":""},"categories":[21,20,1,3,4],"tags":[],"class_list":["post-3046","post","type-post","status-publish","format-standard","hentry","category-aktionen","category-jugendliche","category-kinder","category-presse","category-veranstaltung"],"_links":{"self":[{"href":"https:\/\/www.falken-nuernberg.de\/index.php?rest_route=\/wp\/v2\/posts\/3046","targetHints":{"allow":["GET"]}}],"collection":[{"href":"https:\/\/www.falken-nuernberg.de\/index.php?rest_route=\/wp\/v2\/posts"}],"about":[{"href":"https:\/\/www.falken-nuernberg.de\/index.php?rest_route=\/wp\/v2\/types\/post"}],"author":[{"embeddable":true,"href":"https:\/\/www.falken-nuernberg.de\/index.php?rest_route=\/wp\/v2\/users\/7"}],"replies":[{"embeddable":true,"href":"https:\/\/www.falken-nuernberg.de\/index.php?rest_route=%2Fwp%2Fv2%2Fcomments&post=3046"}],"version-history":[{"count":1,"href":"https:\/\/www.falken-nuernberg.de\/index.php?rest_route=\/wp\/v2\/posts\/3046\/revisions"}],"predecessor-version":[{"id":3049,"href":"https:\/\/www.falken-nuernberg.de\/index.php?rest_route=\/wp\/v2\/posts\/3046\/revisions\/3049"}],"wp:attachment":[{"href":"https:\/\/www.falken-nuernberg.de\/index.php?rest_route=%2Fwp%2Fv2%2Fmedia&parent=3046"}],"wp:term":[{"taxonomy":"category","embeddable":true,"href":"https:\/\/www.falken-nuernberg.de\/index.php?rest_route=%2Fwp%2Fv2%2Fcategories&post=3046"},{"taxonomy":"post_tag","embeddable":true,"href":"https:\/\/www.falken-nuernberg.de\/index.php?rest_route=%2Fwp%2Fv2%2Ftags&post=3046"}],"curies":[{"name":"wp","href":"https:\/\/api.w.org\/{rel}","templated":true}]}}