{"id":2556,"date":"2020-01-14T13:59:45","date_gmt":"2020-01-14T11:59:45","guid":{"rendered":"http:\/\/www.falken-nuernberg.de\/?p=2556"},"modified":"2020-02-10T11:55:32","modified_gmt":"2020-02-10T09:55:32","slug":"winterwuestentage-2020","status":"publish","type":"post","link":"https:\/\/www.falken-nuernberg.de\/?p=2556","title":{"rendered":"Winterw\u00fcstentage 2020"},"content":{"rendered":"<div class=\"page\" title=\"Page 1\">\n<p><a href=\"http:\/\/www.falken-nuernberg.de\/wordpress\/wp-content\/uploads\/2020\/01\/Folie1.jpg\"><img loading=\"lazy\" decoding=\"async\" class=\"alignnone size-medium wp-image-2558\" src=\"http:\/\/www.falken-nuernberg.de\/wordpress\/wp-content\/uploads\/2020\/01\/Folie1-300x169.jpg\" alt=\"\" width=\"300\" height=\"169\" srcset=\"https:\/\/www.falken-nuernberg.de\/wordpress\/wp-content\/uploads\/2020\/01\/Folie1-300x169.jpg 300w, https:\/\/www.falken-nuernberg.de\/wordpress\/wp-content\/uploads\/2020\/01\/Folie1-500x281.jpg 500w, https:\/\/www.falken-nuernberg.de\/wordpress\/wp-content\/uploads\/2020\/01\/Folie1.jpg 720w\" sizes=\"auto, (max-width: 300px) 100vw, 300px\" \/><\/a><\/p>\n<p><em><strong>Die W\u00fcstentage &#8211; H\u00e4? Was? Wo?<\/strong><\/em><\/p>\n<div class=\"layoutArea\">\n<div class=\"column\">\n<p>Die W\u00fcstentage haben nichts mit W\u00fcste(n) zu tun, aber W\u00dcST ist es manchmal schon&#8230; Kein Wunder, wenn ca. 30 Jugendliche und junge Erwachsene eine Woche als WG auf Zeit zusammen leben und versuchen, einen solidarischen und gleichberechtigten Alltag zu leben. Wie viel Nudeln essen 32 Leute? Wo ist noch Schokolade und wo bekomme ich neue her? Wie kommen wir ans Holz f\u00fcrs Lagerfeuer? Und wer leitet das Plenum an? Solche Fragen kommen schon mal vor. Ist aber auch kein Problem. Am Anfang der W\u00fcstentage werden gemeinsam Regeln f\u00fcr das Zusammenleben besprochen und alle tragen sich in Dienste ein, um gemeinsam den Haushalt zu schmei\u00dfen. Au\u00dferdem gibt es ein Programm mit inhaltlichen und spa\u00dfigen Themen, sowie Spiel und Action. Ach ja: Alle Teilnehmenden gehen tags\u00fcber nat\u00fcrlich ihren \u00fcblichen T\u00e4tigkeiten nach: ob Schule, Arbeit oder Ausbildung &#8211; w\u00fcst wird es erst, wenn am Nachmittag\/ Abend alle wieder zusammen kommen.<\/p>\n<p><em><strong>Programm\/Zeitlicher Ablauf\/Angebot<\/strong><\/em><\/p>\n<p>Gleich ist an fast allen Tagen, dass wir irgendwann aufstehen, um rechtzeitig in die Schule, in die Ausbildung oder unseren Job zu kommen. Irgendwann kommen wir alle wieder, machen Hausaufgaben (jippie!), gehen einkaufen, kochen, planen f\u00fcr den Abend oder organisieren irgendwas &#8211; alles gemeinsam und solidarisch versteht sich. Auch das Programm wird gemeinsam beschlossen &#8211; eine grobe Planung steht aber schon: Wir besch\u00e4ftigen uns mit der Revolution in Rojava\/ Kurdistan. Wie werden dort gesellschaftliche Entscheidungen getroffen? Wie schaffen es die Frauen, sich aus der Unterdr\u00fcckung zu befreien? Und was ist ihr Ansatz, um \u00f6kologisch nachhaltig zu wirtschaften? Dazu wird es Workshops, Vortr\u00e4ge, Film, Diskussionen etc. geben. Au\u00dferdem: Kickern, Billard und Tischtennis, Spieleabende, Lagerfeuer und was uns sonst noch so einf\u00e4llt!<\/p>\n<p>Hier gehts zur <a href=\"http:\/\/www.falken-nuernberg.de\/wordpress\/wp-content\/uploads\/2020\/01\/Ausschreibung_2.pdf\">Ausschreibung_2<\/a> zum selbstausdrucken, dann einfach ins Falkenb\u00fcro schicken\/bringen. Du kannst dich bei Fragen auch immer per Mail oder Telefon an uns wenden. Nat\u00fcrlich auch deine Eltern. <strong>Anmeldeschluss ist der 31.01.2020.<\/strong><\/p>\n<p><em><strong>FREUNDSCHAFT UND BIS BALD<\/strong><\/em><\/p>\n<\/div>\n<\/div>\n<\/div>\n","protected":false},"excerpt":{"rendered":"<p>Die W\u00fcstentage &#8211; H\u00e4? Was? Wo? Die W\u00fcstentage haben nichts mit W\u00fcste(n) zu tun, aber W\u00dcST ist es manchmal schon&#8230; Kein Wunder, wenn ca. 30 Jugendliche und junge Erwachsene eine Woche als WG auf Zeit zusammen leben und versuchen, einen &hellip; <a href=\"https:\/\/www.falken-nuernberg.de\/?p=2556\">Weiterlesen <span class=\"meta-nav\">&rarr;<\/span><\/a><\/p>\n","protected":false},"author":3,"featured_media":2558,"comment_status":"closed","ping_status":"open","sticky":false,"template":"","format":"standard","meta":{"footnotes":""},"categories":[22,20],"tags":[],"class_list":["post-2556","post","type-post","status-publish","format-standard","has-post-thumbnail","hentry","category-ausschreibungen","category-jugendliche"],"_links":{"self":[{"href":"https:\/\/www.falken-nuernberg.de\/index.php?rest_route=\/wp\/v2\/posts\/2556","targetHints":{"allow":["GET"]}}],"collection":[{"href":"https:\/\/www.falken-nuernberg.de\/index.php?rest_route=\/wp\/v2\/posts"}],"about":[{"href":"https:\/\/www.falken-nuernberg.de\/index.php?rest_route=\/wp\/v2\/types\/post"}],"author":[{"embeddable":true,"href":"https:\/\/www.falken-nuernberg.de\/index.php?rest_route=\/wp\/v2\/users\/3"}],"replies":[{"embeddable":true,"href":"https:\/\/www.falken-nuernberg.de\/index.php?rest_route=%2Fwp%2Fv2%2Fcomments&post=2556"}],"version-history":[{"count":6,"href":"https:\/\/www.falken-nuernberg.de\/index.php?rest_route=\/wp\/v2\/posts\/2556\/revisions"}],"predecessor-version":[{"id":2564,"href":"https:\/\/www.falken-nuernberg.de\/index.php?rest_route=\/wp\/v2\/posts\/2556\/revisions\/2564"}],"wp:featuredmedia":[{"embeddable":true,"href":"https:\/\/www.falken-nuernberg.de\/index.php?rest_route=\/wp\/v2\/media\/2558"}],"wp:attachment":[{"href":"https:\/\/www.falken-nuernberg.de\/index.php?rest_route=%2Fwp%2Fv2%2Fmedia&parent=2556"}],"wp:term":[{"taxonomy":"category","embeddable":true,"href":"https:\/\/www.falken-nuernberg.de\/index.php?rest_route=%2Fwp%2Fv2%2Fcategories&post=2556"},{"taxonomy":"post_tag","embeddable":true,"href":"https:\/\/www.falken-nuernberg.de\/index.php?rest_route=%2Fwp%2Fv2%2Ftags&post=2556"}],"curies":[{"name":"wp","href":"https:\/\/api.w.org\/{rel}","templated":true}]}}