{"id":2464,"date":"2019-11-10T21:11:57","date_gmt":"2019-11-10T19:11:57","guid":{"rendered":"http:\/\/www.falken-nuernberg.de\/?p=2464"},"modified":"2019-11-10T21:11:57","modified_gmt":"2019-11-10T19:11:57","slug":"solidaritaet-mit-murat","status":"publish","type":"post","link":"https:\/\/www.falken-nuernberg.de\/?p=2464","title":{"rendered":"Solidarit\u00e4t mit Murat"},"content":{"rendered":"<p><a href=\"http:\/\/www.falken-nuernberg.de\/wordpress\/wp-content\/uploads\/2019\/11\/soli.png\"><img loading=\"lazy\" decoding=\"async\" class=\"alignnone size-full wp-image-2465\" src=\"http:\/\/www.falken-nuernberg.de\/wordpress\/wp-content\/uploads\/2019\/11\/soli.png\" alt=\"\" width=\"1002\" height=\"1401\" srcset=\"https:\/\/www.falken-nuernberg.de\/wordpress\/wp-content\/uploads\/2019\/11\/soli.png 1002w, https:\/\/www.falken-nuernberg.de\/wordpress\/wp-content\/uploads\/2019\/11\/soli-215x300.png 215w, https:\/\/www.falken-nuernberg.de\/wordpress\/wp-content\/uploads\/2019\/11\/soli-768x1074.png 768w, https:\/\/www.falken-nuernberg.de\/wordpress\/wp-content\/uploads\/2019\/11\/soli-732x1024.png 732w\" sizes=\"auto, (max-width: 1002px) 100vw, 1002px\" \/><\/a><\/p>\n<p>Dieses Wochenende fand unser Unterbezirks-Ausschuss statt. Da haben wir einiges beschlossen, unter anderem folgenden Initiativantrag zur Solidarit\u00e4t mit Murat:<\/p>\n<p><strong>Wir, die Sozialistische Jugend Deutschlands-Die Falken in N\u00fcrnberg, erkl\u00e4ren uns solidarisch mit Murat Akg\u00fcl, seiner Familie und seinen Freund*innen und verurteilen das Vorgehen der N\u00fcrnberger Ausl\u00e4nderbeh\u00f6rde und der Staatsanwaltschaft N\u00fcrnberg-F\u00fcrth.<\/strong><\/p>\n<p><strong>Die Begr\u00fcndung des Ausweisungsbescheids ist haneb\u00fcchen. Murat soll eine Gefahr f\u00fcr die Sicherheit der BRD und deren freiheitlich-demokratische Grundordnung sein, weil er sich an Demonstrationen beteiligt hat, die YPG-Fahne gezeigt hat und sich im kurdischen Verein Medya-Volkshaus engagiert.<\/strong><\/p>\n<p><strong>Als junge Sozialist*innen wissen wir, was Repression und politische Justiz bedeutet. Wir wissen aber auch, dass es sich lohnt und dass es notwendig ist, um jeden Millimeter unserer Rechte zu k\u00e4mpfen. Wenn unser Genosse Murat mit dieser Begr\u00fcndung zuerst ausgewiesen und nach seiner erneuten R\u00fcckkehr in U-Haft genommen werden kann, so wissen wir, dass wir die n\u00e4chsten sein werden. Es ist in unserem ureigensten Interesse, sich dem entgegenzustellen.<\/strong><\/p>\n<p><strong>Murat hat in diesem Zusammenhang keinerlei Straftaten begangen. Es ist nicht verboten, in kurdischen Kulturvereinen t\u00e4tig zu sein, die mit dem N\u00fcrnberger Kulturamt zusammenarbeiten. Es ist nicht verboten, die Fahne der YPG zu zeigen, die unsere Freiheit und Demokratie gegen die islamistische Barbarei verteidigt. Es ist (noch) nicht verboten, auf Demonstrationen zu gehen,<\/strong><\/p>\n<p><strong>Das Vorgehen der Staatsanwaltschaft und der Ausl\u00e4nderbeh\u00f6rde ist ein brutaler Akt der Repression und muss als Ausdruck sozialer K\u00e4lte bezeichnet werden.<\/strong><\/p>\n<p><strong>Wir fordern die zust\u00e4ndige Ausl\u00e4nderbeh\u00f6rde auf, den Ausweisungsbescheid sofort zur\u00fcckzunehmen!<\/strong><\/p>\n<p><strong>Wir fordern die Staatsanwaltschaft N\u00fcrnberg-F\u00fcrth auf, umgehend die Aufhebung des Haftbefehls gegen Murat Akg\u00fcl zu beantragen (\u00a7 120 Abs. 3 StPO) und sich an Recht und Gesetz zu halten!<\/strong><\/p>\n<p><strong>Murat hat durch das Zeigen der YPG-Fahne ein Bekenntnis zu Demokratie, Gerechtigkeit, Gleichberechtigung von Mann und Frau und gegen religi\u00f6sen Fundamentalismus und Faschismus abgelegt!<\/strong><\/p>\n","protected":false},"excerpt":{"rendered":"<p>Dieses Wochenende fand unser Unterbezirks-Ausschuss statt. Da haben wir einiges beschlossen, unter anderem folgenden Initiativantrag zur Solidarit\u00e4t mit Murat: Wir, die Sozialistische Jugend Deutschlands-Die Falken in N\u00fcrnberg, erkl\u00e4ren uns solidarisch mit Murat Akg\u00fcl, seiner Familie und seinen Freund*innen und verurteilen &hellip; <a href=\"https:\/\/www.falken-nuernberg.de\/?p=2464\">Weiterlesen <span class=\"meta-nav\">&rarr;<\/span><\/a><\/p>\n","protected":false},"author":7,"featured_media":0,"comment_status":"closed","ping_status":"open","sticky":false,"template":"","format":"standard","meta":{"footnotes":""},"categories":[3],"tags":[],"class_list":["post-2464","post","type-post","status-publish","format-standard","hentry","category-presse"],"_links":{"self":[{"href":"https:\/\/www.falken-nuernberg.de\/index.php?rest_route=\/wp\/v2\/posts\/2464","targetHints":{"allow":["GET"]}}],"collection":[{"href":"https:\/\/www.falken-nuernberg.de\/index.php?rest_route=\/wp\/v2\/posts"}],"about":[{"href":"https:\/\/www.falken-nuernberg.de\/index.php?rest_route=\/wp\/v2\/types\/post"}],"author":[{"embeddable":true,"href":"https:\/\/www.falken-nuernberg.de\/index.php?rest_route=\/wp\/v2\/users\/7"}],"replies":[{"embeddable":true,"href":"https:\/\/www.falken-nuernberg.de\/index.php?rest_route=%2Fwp%2Fv2%2Fcomments&post=2464"}],"version-history":[{"count":1,"href":"https:\/\/www.falken-nuernberg.de\/index.php?rest_route=\/wp\/v2\/posts\/2464\/revisions"}],"predecessor-version":[{"id":2466,"href":"https:\/\/www.falken-nuernberg.de\/index.php?rest_route=\/wp\/v2\/posts\/2464\/revisions\/2466"}],"wp:attachment":[{"href":"https:\/\/www.falken-nuernberg.de\/index.php?rest_route=%2Fwp%2Fv2%2Fmedia&parent=2464"}],"wp:term":[{"taxonomy":"category","embeddable":true,"href":"https:\/\/www.falken-nuernberg.de\/index.php?rest_route=%2Fwp%2Fv2%2Fcategories&post=2464"},{"taxonomy":"post_tag","embeddable":true,"href":"https:\/\/www.falken-nuernberg.de\/index.php?rest_route=%2Fwp%2Fv2%2Ftags&post=2464"}],"curies":[{"name":"wp","href":"https:\/\/api.w.org\/{rel}","templated":true}]}}