{"id":2455,"date":"2019-10-15T00:00:59","date_gmt":"2019-10-14T22:00:59","guid":{"rendered":"http:\/\/www.falken-nuernberg.de\/?p=2455"},"modified":"2019-10-15T00:00:59","modified_gmt":"2019-10-14T22:00:59","slug":"protestaktion-vor-nuernberger-werken-deutscher-waffenkonzerne","status":"publish","type":"post","link":"https:\/\/www.falken-nuernberg.de\/?p=2455","title":{"rendered":"Protestaktion vor N\u00fcrnberger Werken deutscher Waffenkonzerne"},"content":{"rendered":"<p><a href=\"http:\/\/www.falken-nuernberg.de\/wordpress\/wp-content\/uploads\/2019\/10\/2.jpg\"><img loading=\"lazy\" decoding=\"async\" class=\"alignnone size-full wp-image-2457\" src=\"http:\/\/www.falken-nuernberg.de\/wordpress\/wp-content\/uploads\/2019\/10\/2.jpg\" alt=\"\" width=\"4032\" height=\"3024\" srcset=\"https:\/\/www.falken-nuernberg.de\/wordpress\/wp-content\/uploads\/2019\/10\/2.jpg 4032w, https:\/\/www.falken-nuernberg.de\/wordpress\/wp-content\/uploads\/2019\/10\/2-300x225.jpg 300w, https:\/\/www.falken-nuernberg.de\/wordpress\/wp-content\/uploads\/2019\/10\/2-768x576.jpg 768w, https:\/\/www.falken-nuernberg.de\/wordpress\/wp-content\/uploads\/2019\/10\/2-1024x768.jpg 1024w, https:\/\/www.falken-nuernberg.de\/wordpress\/wp-content\/uploads\/2019\/10\/2-400x300.jpg 400w\" sizes=\"auto, (max-width: 4032px) 100vw, 4032px\" \/><\/a><\/p>\n<p>Am 9. Oktober befahl der t\u00fcrkische Pr\u00e4sident Erdogan den Einmarsch seiner Truppen in die Gebiete der Demokratischen F\u00f6deration Nord- und Ostsyriens. Die t\u00fcrkische Armee r\u00fcckt seitdem auf kurdische, arabische und christliche Viertel in verschiedenen St\u00e4dten Syriens vor. Es sind massive \u201eethnische S\u00e4uberungen\u201c zu bef\u00fcrchten. Aus der Luft, mit Artillerie und Panzern werden Wohnviertel beschossen. Unterst\u00fctzt wird der Feldzug von islamistischen Milizen \u2013 u.a. fr\u00fchere Kommandeure des Islamischen Staates. Bei gezielten t\u00fcrkischen Bombardements auf Gef\u00e4ngnisse der Syrian Democratic Forces konnten bereits knapp 800 ehemalige IS-Angeh\u00f6rige entkommen. Es kam mehrfach zu gezielten Bombardierungen von Krankenh\u00e4usern. Ein Journalisten-Team wurde beschossen. Es finden Enthauptungen durch der T\u00fcrkei nahestehende Djihadisten statt (vgl. tagesschau-Berichterstattung 13.10.19). Kriegsverbrechen reiht sich an Kriegsverbrechen.<\/p>\n<p>Nico Schreiber, Vorsitzender der Falken in N\u00fcrnberg, sagt dazu: \u201eEben diejenigen Kurden und Kurdinnen, die den IS mit h\u00f6chstem Einsatz bek\u00e4mpft und besiegt haben, werden nun von der T\u00fcrkei \u00fcberfallen und ermordet \u2013 mit deutschen Waffen. Der k\u00fcrzlich beschlossene sogenannte \u201eExportstopp\u201c ist eine Farce, nachdem allein im letzten Jahr deutsche Waffen im Wert von 184 Millionen Euro an die T\u00fcrkei geliefert wurden. Die deutschen Panzer, die jetzt durch Syrien rollen, wurden vor vielen Jahren an die T\u00fcrkei verkauft. Deutsche Waffenindustrie und die Regierung morden mit \u2013 treffen wird es wieder die Zivilbev\u00f6lkerung. In Rojava und Syrien durch die T\u00fcrkei und den IS \u2013 und wenn dieser sich nun neu gruppieren kann, wird der Terror des IS auch wieder nach Europa kommen, wo auch wieder die einfache Bev\u00f6lkerung darunter leiden wird. Bald ist wieder Weihnachtsmarkt. Und dank der deutschen Waffenindustrie, der deutschen Regierung und der t\u00fcrkischen Armee muss man 2019 wieder Angst haben vor Anschl\u00e4gen des IS.\u201c<\/p>\n<p><a href=\"http:\/\/www.falken-nuernberg.de\/wordpress\/wp-content\/uploads\/2019\/10\/1.jpg\"><img loading=\"lazy\" decoding=\"async\" class=\"alignnone size-full wp-image-2456\" src=\"http:\/\/www.falken-nuernberg.de\/wordpress\/wp-content\/uploads\/2019\/10\/1.jpg\" alt=\"\" width=\"4032\" height=\"3024\" srcset=\"https:\/\/www.falken-nuernberg.de\/wordpress\/wp-content\/uploads\/2019\/10\/1.jpg 4032w, https:\/\/www.falken-nuernberg.de\/wordpress\/wp-content\/uploads\/2019\/10\/1-300x225.jpg 300w, https:\/\/www.falken-nuernberg.de\/wordpress\/wp-content\/uploads\/2019\/10\/1-768x576.jpg 768w, https:\/\/www.falken-nuernberg.de\/wordpress\/wp-content\/uploads\/2019\/10\/1-1024x768.jpg 1024w, https:\/\/www.falken-nuernberg.de\/wordpress\/wp-content\/uploads\/2019\/10\/1-400x300.jpg 400w\" sizes=\"auto, (max-width: 4032px) 100vw, 4032px\" \/><\/a><\/p>\n<p>Der islamistische und faschistische Terror des Erdogan-Regimes trifft nicht nur die eigene Bev\u00f6lkerung innerhalb der T\u00fcrkei. Mit dem Angriff und der Eroberung der kurdischen Stadt Afrin 2018 und dem seit einigen Tagen andauernden \u00dcberfall auf die ganze Region, greift die T\u00fcrkei ein bis dato relativ sicheres und friedliches Gebiet in Syrien an. Innerhalb von nur zwei Tagen wurden mehr als 70.000 Menschen vertrieben. Die Zahl der Fl\u00fcchtlinge steigt.<\/p>\n<p>Tabea Erll von der linksjugend solid meint: \u201eIn den Gebieten der Demokratischen F\u00f6deration Nord- und Ostsyriens \u2013 vielen besser bekannt als Rojava \u2013 wuchs seit vielen Jahren ein Gesellschaftsprojekt, das nicht nur f\u00fcr den Nahen Osten zukunftsweisend ist. Es basiert auf Frauenbefreiung, auf \u00d6kologie, auf echter, demokratischer Mitbestimmung und dem friedlichen Zusammenleben der Religionen und Kulturen. All das will Erdogan zerschlagen. Die T\u00fcrkei greift damit die ganze Menschheit und unsere Zukunft an.\u201c<\/p>\n<p>In Deutschland werden skandal\u00f6serweise t\u00fcrkei- und erdogannahe, sowie islamistische Organisationen und Vereine geduldet, w\u00e4hrend viele kurdische Organisationen verboten und verfolgt werden. So wurde mittlerweile in Bayern zwar mehrfach gerichtlich best\u00e4tigt, dass die Symbole der syrisch-kurdischen Volksverteidigungseinheiten YPG und YPJ nicht verboten sind, dennoch beschlagnahmten erst am Sonntag, 13.10.19, Polizisten in N\u00fcrnberg zahlreiche dieser YPG- und YPJ-Fahnen. Zur gleichen Zeit wird hier in Deutschland in Moscheen der DITIB f\u00fcr den heiligen Krieg gebetet und T\u00fcrkeikritiker*innen werden von DITIB-Imamen bespitzelt (vgl. nordbayern.de-Berichterstattung 30.1.2017).<\/p>\n<p>Wir Falken und die linksjugend solid rufen daher alle Menschen \u2013 ob Politiker*innen oder nicht \u2013 dazu auf, sich f\u00fcr folgende Punkte einzusetzen:<\/p>\n<ul>\n<li>Sofortige Wirtschaftssanktionen gegen die T\u00fcrkei bis zu ihrem vollst\u00e4ndigen R\u00fcckzug aus der Demokratischen F\u00f6deration Nord- und Ostsyriens.<\/li>\n<li>Ein Ende der Kriminalisierung kurdischer Organisationen in Deutschland und insbesondere Bayern.<\/li>\n<li>Das Verbot von islamistischen, t\u00fcrkei-treuen Organisationen wie DITIB und milig\u00f6r\u00fcs.<\/li>\n<li>Ein Verbot von Waffenexporten mit sofortiger Wirkung. Geschlossene Vertr\u00e4ge m\u00fcssen ihre G\u00fcltigkeit verlieren.<\/li>\n<li>Die Enteignung des Verm\u00f6gens deutscher Waffenkonzerne und die zukunftsgerichtete Umstrukturierung selbiger zu friedlichen und zivilen Unternehmen bei vollem Lohn- und Personalausgleich.<\/li>\n<\/ul>\n<p>Wir bitten Pressevertreter*innen und alle Menschen darum, von unserer Aktion zu berichten.<\/p>\n","protected":false},"excerpt":{"rendered":"<p>Am 9. Oktober befahl der t\u00fcrkische Pr\u00e4sident Erdogan den Einmarsch seiner Truppen in die Gebiete der Demokratischen F\u00f6deration Nord- und Ostsyriens. Die t\u00fcrkische Armee r\u00fcckt seitdem auf kurdische, arabische und christliche Viertel in verschiedenen St\u00e4dten Syriens vor. Es sind massive &hellip; <a href=\"https:\/\/www.falken-nuernberg.de\/?p=2455\">Weiterlesen <span class=\"meta-nav\">&rarr;<\/span><\/a><\/p>\n","protected":false},"author":7,"featured_media":0,"comment_status":"closed","ping_status":"open","sticky":false,"template":"","format":"standard","meta":{"footnotes":""},"categories":[3],"tags":[],"class_list":["post-2455","post","type-post","status-publish","format-standard","hentry","category-presse"],"_links":{"self":[{"href":"https:\/\/www.falken-nuernberg.de\/index.php?rest_route=\/wp\/v2\/posts\/2455","targetHints":{"allow":["GET"]}}],"collection":[{"href":"https:\/\/www.falken-nuernberg.de\/index.php?rest_route=\/wp\/v2\/posts"}],"about":[{"href":"https:\/\/www.falken-nuernberg.de\/index.php?rest_route=\/wp\/v2\/types\/post"}],"author":[{"embeddable":true,"href":"https:\/\/www.falken-nuernberg.de\/index.php?rest_route=\/wp\/v2\/users\/7"}],"replies":[{"embeddable":true,"href":"https:\/\/www.falken-nuernberg.de\/index.php?rest_route=%2Fwp%2Fv2%2Fcomments&post=2455"}],"version-history":[{"count":1,"href":"https:\/\/www.falken-nuernberg.de\/index.php?rest_route=\/wp\/v2\/posts\/2455\/revisions"}],"predecessor-version":[{"id":2458,"href":"https:\/\/www.falken-nuernberg.de\/index.php?rest_route=\/wp\/v2\/posts\/2455\/revisions\/2458"}],"wp:attachment":[{"href":"https:\/\/www.falken-nuernberg.de\/index.php?rest_route=%2Fwp%2Fv2%2Fmedia&parent=2455"}],"wp:term":[{"taxonomy":"category","embeddable":true,"href":"https:\/\/www.falken-nuernberg.de\/index.php?rest_route=%2Fwp%2Fv2%2Fcategories&post=2455"},{"taxonomy":"post_tag","embeddable":true,"href":"https:\/\/www.falken-nuernberg.de\/index.php?rest_route=%2Fwp%2Fv2%2Ftags&post=2455"}],"curies":[{"name":"wp","href":"https:\/\/api.w.org\/{rel}","templated":true}]}}