{"id":2430,"date":"2019-09-04T14:55:27","date_gmt":"2019-09-04T12:55:27","guid":{"rendered":"http:\/\/www.falken-nuernberg.de\/?p=2430"},"modified":"2019-09-04T15:16:22","modified_gmt":"2019-09-04T13:16:22","slug":"solidaritaet-mit-nico-kundgebung-und-kritische-prozessbeobachtung","status":"publish","type":"post","link":"https:\/\/www.falken-nuernberg.de\/?p=2430","title":{"rendered":"Solidarit\u00e4t mit Nico! Kundgebung und kritische Prozessbeobachtung"},"content":{"rendered":"<p><a href=\"http:\/\/www.falken-nuernberg.de\/wordpress\/wp-content\/uploads\/2019\/05\/61106247_1067801550059462_4162228518513541120_n.jpg\"><img loading=\"lazy\" decoding=\"async\" class=\"alignnone size-full wp-image-2382\" src=\"http:\/\/www.falken-nuernberg.de\/wordpress\/wp-content\/uploads\/2019\/05\/61106247_1067801550059462_4162228518513541120_n.jpg\" alt=\"\" width=\"960\" height=\"640\" srcset=\"https:\/\/www.falken-nuernberg.de\/wordpress\/wp-content\/uploads\/2019\/05\/61106247_1067801550059462_4162228518513541120_n.jpg 960w, https:\/\/www.falken-nuernberg.de\/wordpress\/wp-content\/uploads\/2019\/05\/61106247_1067801550059462_4162228518513541120_n-300x200.jpg 300w, https:\/\/www.falken-nuernberg.de\/wordpress\/wp-content\/uploads\/2019\/05\/61106247_1067801550059462_4162228518513541120_n-768x512.jpg 768w, https:\/\/www.falken-nuernberg.de\/wordpress\/wp-content\/uploads\/2019\/05\/61106247_1067801550059462_4162228518513541120_n-450x300.jpg 450w\" sizes=\"auto, (max-width: 960px) 100vw, 960px\" \/><\/a><\/p>\n<p>Wir rufen zu unserer Kundgebung vor und zur kritischen Prozessbeobachtung w\u00e4hrend des Berufungsverfahrens gegen Nico auf.<\/p>\n<p><strong>Kundgebung<\/strong>:\u00a017.09. um 8:00 Uhr am Landgericht N\u00fcrnberg-F\u00fcrth, F\u00fcrther Str. 110 (PitStop)<\/p>\n<p><strong>Kritische Prozessbeobachtung:<\/strong>\u00a017.09. um 9:00 Uhr am\u00a0Landgericht N\u00fcrnberg-F\u00fcrth,\u00a0Sitzungssaal 126, 1. Stock F\u00fcrther Str. 110<\/p>\n<p>Geld spenden k\u00f6nnt ihr nach wie vor hier:<\/p>\n<div class=\"\" data-block=\"true\" data-editor=\"fhuf2\" data-offset-key=\"6kn9l-0-0\">\n<div class=\"_1mf _1mj\" data-offset-key=\"6kn9l-0-0\"><span data-offset-key=\"6kn9l-0-0\">SJD \u2013 Die Falken N\u00fcrnberg<\/span><\/div>\n<\/div>\n<div class=\"\" data-block=\"true\" data-editor=\"fhuf2\" data-offset-key=\"b34jp-0-0\">\n<div class=\"_1mf _1mj\" data-offset-key=\"b34jp-0-0\"><span data-offset-key=\"b34jp-0-0\">Kontodaten: Sparkasse N\u00fcrnberg<\/span><\/div>\n<\/div>\n<div class=\"\" data-block=\"true\" data-editor=\"fhuf2\" data-offset-key=\"35gso-0-0\">\n<div class=\"_1mf _1mj\" data-offset-key=\"35gso-0-0\"><span data-offset-key=\"35gso-0-0\">IBAN: DE10 7605 0101 0001 0565 72<\/span><\/div>\n<\/div>\n<div class=\"\" data-block=\"true\" data-editor=\"fhuf2\" data-offset-key=\"52d9f-0-0\">\n<div class=\"_1mf _1mj\" data-offset-key=\"52d9f-0-0\"><span data-offset-key=\"52d9f-0-0\">BIC: SSKNDE77XXX<\/span><\/div>\n<\/div>\n<div class=\"\" data-block=\"true\" data-editor=\"fhuf2\" data-offset-key=\"9h03t-0-0\">\n<div class=\"_1mf _1mj\" data-offset-key=\"9h03t-0-0\"><span data-offset-key=\"9h03t-0-0\">Betreff: Solidarit\u00e4t mit Nico<\/span><\/div>\n<\/div>\n<p>Weitere Infos siehe hier:<\/p>\n<blockquote class=\"wp-embedded-content\" data-secret=\"gbAh3ARifC\"><p><a href=\"https:\/\/www.falken-nuernberg.de\/?p=2424\">Neuer Prozess am 17.September &#8211; Solidarit\u00e4t mit Nico 2.0<\/a><\/p><\/blockquote>\n<p><iframe loading=\"lazy\" class=\"wp-embedded-content\" sandbox=\"allow-scripts\" security=\"restricted\" style=\"position: absolute; visibility: hidden;\" title=\"&#8222;Neuer Prozess am 17.September &#8211; Solidarit\u00e4t mit Nico 2.0&#8220; &#8211; Sozialistische Jugend - Die Falken\" src=\"https:\/\/www.falken-nuernberg.de\/?p=2424&#038;embed=true#?secret=vDrYuzu2l7#?secret=gbAh3ARifC\" data-secret=\"gbAh3ARifC\" width=\"584\" height=\"329\" frameborder=\"0\" marginwidth=\"0\" marginheight=\"0\" scrolling=\"no\"><\/iframe><\/p>\n","protected":false},"excerpt":{"rendered":"<p>Wir rufen zu unserer Kundgebung vor und zur kritischen Prozessbeobachtung w\u00e4hrend des Berufungsverfahrens gegen Nico auf. Kundgebung:\u00a017.09. um 8:00 Uhr am Landgericht N\u00fcrnberg-F\u00fcrth, F\u00fcrther Str. 110 (PitStop) Kritische Prozessbeobachtung:\u00a017.09. um 9:00 Uhr am\u00a0Landgericht N\u00fcrnberg-F\u00fcrth,\u00a0Sitzungssaal 126, 1. Stock F\u00fcrther Str. 110 &hellip; <a href=\"https:\/\/www.falken-nuernberg.de\/?p=2430\">Weiterlesen <span class=\"meta-nav\">&rarr;<\/span><\/a><\/p>\n","protected":false},"author":7,"featured_media":0,"comment_status":"closed","ping_status":"open","sticky":false,"template":"","format":"standard","meta":{"footnotes":""},"categories":[21,3,4],"tags":[],"class_list":["post-2430","post","type-post","status-publish","format-standard","hentry","category-aktionen","category-presse","category-veranstaltung"],"_links":{"self":[{"href":"https:\/\/www.falken-nuernberg.de\/index.php?rest_route=\/wp\/v2\/posts\/2430","targetHints":{"allow":["GET"]}}],"collection":[{"href":"https:\/\/www.falken-nuernberg.de\/index.php?rest_route=\/wp\/v2\/posts"}],"about":[{"href":"https:\/\/www.falken-nuernberg.de\/index.php?rest_route=\/wp\/v2\/types\/post"}],"author":[{"embeddable":true,"href":"https:\/\/www.falken-nuernberg.de\/index.php?rest_route=\/wp\/v2\/users\/7"}],"replies":[{"embeddable":true,"href":"https:\/\/www.falken-nuernberg.de\/index.php?rest_route=%2Fwp%2Fv2%2Fcomments&post=2430"}],"version-history":[{"count":2,"href":"https:\/\/www.falken-nuernberg.de\/index.php?rest_route=\/wp\/v2\/posts\/2430\/revisions"}],"predecessor-version":[{"id":2432,"href":"https:\/\/www.falken-nuernberg.de\/index.php?rest_route=\/wp\/v2\/posts\/2430\/revisions\/2432"}],"wp:attachment":[{"href":"https:\/\/www.falken-nuernberg.de\/index.php?rest_route=%2Fwp%2Fv2%2Fmedia&parent=2430"}],"wp:term":[{"taxonomy":"category","embeddable":true,"href":"https:\/\/www.falken-nuernberg.de\/index.php?rest_route=%2Fwp%2Fv2%2Fcategories&post=2430"},{"taxonomy":"post_tag","embeddable":true,"href":"https:\/\/www.falken-nuernberg.de\/index.php?rest_route=%2Fwp%2Fv2%2Ftags&post=2430"}],"curies":[{"name":"wp","href":"https:\/\/api.w.org\/{rel}","templated":true}]}}