{"id":2424,"date":"2019-09-02T22:31:38","date_gmt":"2019-09-02T20:31:38","guid":{"rendered":"http:\/\/www.falken-nuernberg.de\/?p=2424"},"modified":"2019-09-04T14:51:58","modified_gmt":"2019-09-04T12:51:58","slug":"neuer-prozess-am-17-september-solidaritaet-mit-nico-2-0","status":"publish","type":"post","link":"https:\/\/www.falken-nuernberg.de\/?p=2424","title":{"rendered":"Neuer Prozess am 17.September &#8211; Solidarit\u00e4t mit Nico 2.0"},"content":{"rendered":"<p><a href=\"http:\/\/www.falken-nuernberg.de\/wordpress\/wp-content\/uploads\/2019\/03\/soli.png\"><img loading=\"lazy\" decoding=\"async\" class=\"alignnone size-full wp-image-2346\" src=\"http:\/\/www.falken-nuernberg.de\/wordpress\/wp-content\/uploads\/2019\/03\/soli.png\" alt=\"\" width=\"567\" height=\"378\" srcset=\"https:\/\/www.falken-nuernberg.de\/wordpress\/wp-content\/uploads\/2019\/03\/soli.png 567w, https:\/\/www.falken-nuernberg.de\/wordpress\/wp-content\/uploads\/2019\/03\/soli-300x200.png 300w, https:\/\/www.falken-nuernberg.de\/wordpress\/wp-content\/uploads\/2019\/03\/soli-450x300.png 450w\" sizes=\"auto, (max-width: 567px) 100vw, 567px\" \/><\/a><\/p>\n<p>Der Prozess gegen unseren Vorsitzenden der SJD-Die Falken N\u00fcrnberg, Nico Schreiber, geht in die n\u00e4chste Runde. In der ersten Instanz wurde er f\u00fcr das Zeigen verbotener Symbole zu 30 Tagess\u00e4tzen verurteilt. Das Urteil reichte der Staatsanwaltschaft wohl nicht aus, obwohl Nico zu etwas verurteilt wurde, was er nicht getan hat. Auch uns \u00e4rgerte das Urteil aus eben genanntem Grund. Also gingen beide Parteien in Berufung.<\/p>\n<p>Es ist nun einmal Fakt, dass wir damals auf dem Dach des Karl-Br\u00f6ger-Hauses die in verschiedene Formen aufgeteilte Fahne der YPG (nicht verboten) gezeigt haben, nicht die der (verbotenen) HPG. Trotz mehrmaligem Hinweis auf diese Tatsache scheint der Staatsapparat jedoch ohne Wahrheitsber\u00fccksichtigung, die Verurteilung von Nico zu verfolgen \u2013 unter anderem aus dem einfachen Grund, dass dieser links organisiert ist. Dies wurde im letzten Prozess deutlich, als der Staatsschutz nach Nicos politischer Ausrichtung und der der Falken befragt wurde.<\/p>\n<p>Die beiden Fahnen sind eigentlich nicht zu verwechseln, auch- oder vielleicht besonders- nicht, wenn sie aus drei Kartonsymbolen zusammengesetzt werden. Ein gleichschenkliges Dreieck bleibt n\u00e4mlich ein gleichschenkliges Dreieck, egal aus welcher Perspektive es betrachtet wird- es halbiert sich nicht einfach. Es handelt sich nach wie vor um einen Prozess mit dem Ziel der Einsch\u00fcchterung kurdischer und anderer linker politisch aktiver Menschen. Wird dies in den Zusammenhang gebracht mit der Repression gegen die kurdische Gemeinschaft in N\u00fcrnberg, die mit Mitteln von Einsch\u00fcchterung bis Abschiebung durchgesetzt wird, zeichnet sich ein Bild taktischen und tendenzi\u00f6sen Beh\u00f6rdenvorgehens.<\/p>\n<p>Die kurdischen Gebiete in Syrien, die mittels kommunaler Selbstverwaltung auf den Grunds\u00e4ulen von Umweltschutz, Frauenbefreiung und echter Demokratie basieren, sind ein Hoffnungsschimmer f\u00fcr all die Menschen, die sich ein Leben ohne Ausbeutung, Unterdr\u00fcckung und Konkurrenz vorstellen k\u00f6nnen. Wir m\u00f6chten hinter unseren kurdischen Genoss*innen stehen, die in Nordsyrien f\u00fcr eben jene Gesellschaft k\u00e4mpfen. Wir solidarisieren uns klar mit ihnen. Dass uns die bairischen Beh\u00f6rden einen Strick daraus drehen wollen, absichtlich Tatsachen verdrehen, damit ein strafrechtlich relevantes Vergehen unterstellt werden kann, zeigt die stetig steigende Dreistigkeit ihrer offensichtlich unrechtsstaatlichen Methoden.<\/p>\n<p>Also kommt wieder alle. Lassen wir Nico nicht allein. Zeigen wir, was Solidarit\u00e4t bedeutet.<\/p>\n<p><strong>Kundgebung<\/strong>:\u00a017.09. um 8:00 Uhr am Landgericht N\u00fcrnberg-F\u00fcrth, F\u00fcrther Str. 110 (PitStop)<\/p>\n<p><strong>Kritische Prozessbeobachtung:<\/strong> 17.09. um 9:00 Uhr am\u00a0Landgericht N\u00fcrnberg-F\u00fcrth,\u00a0Sitzungssaal 126, 1. Stock F\u00fcrther Str. 110<\/p>\n<p>&#8212;&#8212;&#8212;&#8212;&#8212;&#8212;&#8212;&#8212;&#8212;&#8212;&#8212;&#8212;&#8212;&#8212;&#8212;&#8212;&#8212;&#8212;&#8212;&#8212;&#8212;&#8212;&#8212;&#8212;&#8212;&#8212;&#8212;&#8212;&#8212;&#8212;&#8212;&#8212;&#8212;&#8212;&#8212;&#8212;&#8212;&#8212;&#8211;<\/p>\n<p>F\u00fcr weitere Infos zum Prozess in der ersten Instanz siehe:<\/p>\n<p><a href=\"http:\/\/www.falken-nuernberg.de\/?p=2381\">http:\/\/www.falken-nuernberg.de\/?p=2381<\/a><\/p>\n<p><a href=\"http:\/\/www.falken-nuernberg.de\/wordpress\/wp-content\/uploads\/2019\/05\/JW.png\">http:\/\/www.falken-nuernberg.de\/wordpress\/wp-content\/uploads\/2019\/05\/JW.png<\/a><\/p>\n<p><a href=\"http:\/\/www.falken-nuernberg.de\/?p=2396\">http:\/\/www.falken-nuernberg.de\/?p=2396<\/a><\/p>\n<p>&nbsp;<\/p>\n<p>F\u00fcr weitere Infos zum Gesamtprozess siehe:<\/p>\n<p><a href=\"http:\/\/www.falken-nuernberg.de\/?p=2372\">http:\/\/www.falken-nuernberg.de\/?p=2372<\/a><\/p>\n<p><a href=\"http:\/\/www.falken-nuernberg.de\/?p=2348\">http:\/\/www.falken-nuernberg.de\/?p=2348<\/a><\/p>\n<p>&nbsp;<\/p>\n","protected":false},"excerpt":{"rendered":"<p>Der Prozess gegen unseren Vorsitzenden der SJD-Die Falken N\u00fcrnberg, Nico Schreiber, geht in die n\u00e4chste Runde. In der ersten Instanz wurde er f\u00fcr das Zeigen verbotener Symbole zu 30 Tagess\u00e4tzen verurteilt. Das Urteil reichte der Staatsanwaltschaft wohl nicht aus, obwohl &hellip; <a href=\"https:\/\/www.falken-nuernberg.de\/?p=2424\">Weiterlesen <span class=\"meta-nav\">&rarr;<\/span><\/a><\/p>\n","protected":false},"author":7,"featured_media":0,"comment_status":"closed","ping_status":"open","sticky":false,"template":"","format":"standard","meta":{"footnotes":""},"categories":[21,3],"tags":[],"class_list":["post-2424","post","type-post","status-publish","format-standard","hentry","category-aktionen","category-presse"],"_links":{"self":[{"href":"https:\/\/www.falken-nuernberg.de\/index.php?rest_route=\/wp\/v2\/posts\/2424","targetHints":{"allow":["GET"]}}],"collection":[{"href":"https:\/\/www.falken-nuernberg.de\/index.php?rest_route=\/wp\/v2\/posts"}],"about":[{"href":"https:\/\/www.falken-nuernberg.de\/index.php?rest_route=\/wp\/v2\/types\/post"}],"author":[{"embeddable":true,"href":"https:\/\/www.falken-nuernberg.de\/index.php?rest_route=\/wp\/v2\/users\/7"}],"replies":[{"embeddable":true,"href":"https:\/\/www.falken-nuernberg.de\/index.php?rest_route=%2Fwp%2Fv2%2Fcomments&post=2424"}],"version-history":[{"count":3,"href":"https:\/\/www.falken-nuernberg.de\/index.php?rest_route=\/wp\/v2\/posts\/2424\/revisions"}],"predecessor-version":[{"id":2429,"href":"https:\/\/www.falken-nuernberg.de\/index.php?rest_route=\/wp\/v2\/posts\/2424\/revisions\/2429"}],"wp:attachment":[{"href":"https:\/\/www.falken-nuernberg.de\/index.php?rest_route=%2Fwp%2Fv2%2Fmedia&parent=2424"}],"wp:term":[{"taxonomy":"category","embeddable":true,"href":"https:\/\/www.falken-nuernberg.de\/index.php?rest_route=%2Fwp%2Fv2%2Fcategories&post=2424"},{"taxonomy":"post_tag","embeddable":true,"href":"https:\/\/www.falken-nuernberg.de\/index.php?rest_route=%2Fwp%2Fv2%2Ftags&post=2424"}],"curies":[{"name":"wp","href":"https:\/\/api.w.org\/{rel}","templated":true}]}}