{"id":2376,"date":"2019-05-26T16:50:40","date_gmt":"2019-05-26T14:50:40","guid":{"rendered":"http:\/\/www.falken-nuernberg.de\/?p=2376"},"modified":"2019-05-26T16:53:25","modified_gmt":"2019-05-26T14:53:25","slug":"prozess-in-nuernberg-staatsanwaltschaft-verwechselt-symbole","status":"publish","type":"post","link":"https:\/\/www.falken-nuernberg.de\/?p=2376","title":{"rendered":"Prozess in N\u00fcrnberg: Staatsanwaltschaft verwechselt Symbole"},"content":{"rendered":"<p>&#8222;Am 27. Mai 2019 findet ab 9 Uhr vor dem Amtsgericht N\u00fcrnberg ein Prozess gegen Nico Schreiber statt. Dem Vorsitzenden der SJD \u2013 Die Falken N\u00fcrnberg wird f\u00e4lschlicherweise vorgeworfen, die Flagge der Volksverteidigungskr\u00e4fte HPG bei einer Solidarit\u00e4tsbekundung f\u00fcr Efr\u00een gezeigt zu haben. Vor dem Prozess wird es um 7.30 Uhr hierzu eine Kundgebung vor dem Amtsgericht N\u00fcrnberg geben.&#8220;<\/p>\n<p><a href=\"https:\/\/anfdeutsch.com\/aktuelles\/prozess-in-nuernberg-staatsanwaltschaft-verwechselt-symbole-11570\">https:\/\/anfdeutsch.com\/aktuelles\/prozess-in-nuernberg-staatsanwaltschaft-verwechselt-symbole-11570<\/a><\/p>\n<p>&nbsp;<\/p>\n","protected":false},"excerpt":{"rendered":"<p>&#8222;Am 27. Mai 2019 findet ab 9 Uhr vor dem Amtsgericht N\u00fcrnberg ein Prozess gegen Nico Schreiber statt. Dem Vorsitzenden der SJD \u2013 Die Falken N\u00fcrnberg wird f\u00e4lschlicherweise vorgeworfen, die Flagge der Volksverteidigungskr\u00e4fte HPG bei einer Solidarit\u00e4tsbekundung f\u00fcr Efr\u00een gezeigt &hellip; <a href=\"https:\/\/www.falken-nuernberg.de\/?p=2376\">Weiterlesen <span class=\"meta-nav\">&rarr;<\/span><\/a><\/p>\n","protected":false},"author":7,"featured_media":0,"comment_status":"closed","ping_status":"open","sticky":false,"template":"","format":"standard","meta":{"footnotes":""},"categories":[3],"tags":[],"class_list":["post-2376","post","type-post","status-publish","format-standard","hentry","category-presse"],"_links":{"self":[{"href":"https:\/\/www.falken-nuernberg.de\/index.php?rest_route=\/wp\/v2\/posts\/2376","targetHints":{"allow":["GET"]}}],"collection":[{"href":"https:\/\/www.falken-nuernberg.de\/index.php?rest_route=\/wp\/v2\/posts"}],"about":[{"href":"https:\/\/www.falken-nuernberg.de\/index.php?rest_route=\/wp\/v2\/types\/post"}],"author":[{"embeddable":true,"href":"https:\/\/www.falken-nuernberg.de\/index.php?rest_route=\/wp\/v2\/users\/7"}],"replies":[{"embeddable":true,"href":"https:\/\/www.falken-nuernberg.de\/index.php?rest_route=%2Fwp%2Fv2%2Fcomments&post=2376"}],"version-history":[{"count":3,"href":"https:\/\/www.falken-nuernberg.de\/index.php?rest_route=\/wp\/v2\/posts\/2376\/revisions"}],"predecessor-version":[{"id":2379,"href":"https:\/\/www.falken-nuernberg.de\/index.php?rest_route=\/wp\/v2\/posts\/2376\/revisions\/2379"}],"wp:attachment":[{"href":"https:\/\/www.falken-nuernberg.de\/index.php?rest_route=%2Fwp%2Fv2%2Fmedia&parent=2376"}],"wp:term":[{"taxonomy":"category","embeddable":true,"href":"https:\/\/www.falken-nuernberg.de\/index.php?rest_route=%2Fwp%2Fv2%2Fcategories&post=2376"},{"taxonomy":"post_tag","embeddable":true,"href":"https:\/\/www.falken-nuernberg.de\/index.php?rest_route=%2Fwp%2Fv2%2Ftags&post=2376"}],"curies":[{"name":"wp","href":"https:\/\/api.w.org\/{rel}","templated":true}]}}