{"id":2372,"date":"2019-05-23T07:00:35","date_gmt":"2019-05-23T05:00:35","guid":{"rendered":"http:\/\/www.falken-nuernberg.de\/?p=2372"},"modified":"2019-05-19T19:11:03","modified_gmt":"2019-05-19T17:11:03","slug":"pressemitteilung-prozess-gegen-vorsitzenden-der-falken-nuernberg-kriminalisierung-der-kurdischen-bewegung","status":"publish","type":"post","link":"https:\/\/www.falken-nuernberg.de\/?p=2372","title":{"rendered":"Pressemitteilung \u201eProzess gegen Vorsitzenden der Falken N\u00fcrnberg. Kriminalisierung der kurdischen Bewegung\u201c"},"content":{"rendered":"<p><a href=\"http:\/\/www.falken-nuernberg.de\/wordpress\/wp-content\/uploads\/2019\/03\/soli.png\"><img loading=\"lazy\" decoding=\"async\" class=\"alignnone size-full wp-image-2346\" src=\"http:\/\/www.falken-nuernberg.de\/wordpress\/wp-content\/uploads\/2019\/03\/soli.png\" alt=\"\" width=\"567\" height=\"378\" srcset=\"https:\/\/www.falken-nuernberg.de\/wordpress\/wp-content\/uploads\/2019\/03\/soli.png 567w, https:\/\/www.falken-nuernberg.de\/wordpress\/wp-content\/uploads\/2019\/03\/soli-300x200.png 300w, https:\/\/www.falken-nuernberg.de\/wordpress\/wp-content\/uploads\/2019\/03\/soli-450x300.png 450w\" sizes=\"auto, (max-width: 567px) 100vw, 567px\" \/><\/a><\/p>\n<p>Sehr geehrte Pressevertreterinnen und Pressevertreter, sehr geehrte \u00d6ffentlichkeit,<\/p>\n<p>am 27. Mai 2019 um 9 Uhr findet der Prozess gegen den Vorsitzenden der SJD \u2013 Die Falken N\u00fcrnberg, Nico Schreiber statt. Um 7.30 Uhr wird es hierzu eine Kundgebung vor dem Amtsgericht N\u00fcrnberg geben. Nico Schreiber wird f\u00e4lschlicherweise vorgeworfen die Flagge einer verbotenen Organisation gezeigt zu haben.<\/p>\n<p>Tats\u00e4chlich fand am 3. Februar 2018 eine Solidarit\u00e4tsaktion des Jugendverbandes Sozialistische Jugend Deutschland \u2013 Die Falken N\u00fcrnberg statt. . Wir haben das nicht verbotene Symbol der syrisch-kurdischen Volksverteidigungseinheiten YPG, aufgeteilt auf drei verschiedene farbige Formen, auf dem Dach der SPD-Zentrale gezeigt. Zu dieser Zeit f\u00fchrte die T\u00fcrkei einen Angriffskrieg gegen die syrisch-kurdische Stadt Afrin. Die bis dahin relativ stabile Region in Syrien wurde durch die YPG und YPJ verteidigt. Diesen Organisationen ist es unter anderem zu verdanken, dass der IS aus weiten Teilen Syriens vertrieben und zerschlagen ist. Die YPG und YPJ haben mit ihrem entschlossenen Kampf gegen den Islamismus sehr viel zur Sicherheit in Europa und weltweit beigetragen. Als die T\u00fcrkei im Januar 2018 zum Angriff auf Afrin \u00fcberging, waren es wieder die YPG\/YPJ, die Freiheit, Selbstbestimmung, Frauenrechte und Demokratie verteidigten.<\/p>\n<p>Die Staatsanwaltschaft N\u00fcrnberg-F\u00fcrth wirft Nico vor, die Fahne der HPG gezeigt zu haben. Die HPG ist der Kampfverband der verbotenen PKK. Die Symbole der beiden Einheiten sind farblich \u00e4hnlich, aber anders angeordnet und aus dem Kontext der Aktion zur Demonstration gegen den Angriffskrieg auf Afrin und der darauffolgenden ver\u00f6ffentlichten Statements der Falken N\u00fcrnberg l\u00e4sst sich eindeutig schlie\u00dfen, dass nicht die PKK gemeint sein konnte. Nico Schreiber sagt selbst zu den Vorw\u00fcrfen: \u201eWie kommt die Staatsanwaltschaft darauf, dass ich die HPG-Fahne gezeigt h\u00e4tte?\u00a0In all unseren Statements haben wir Falken damals explizit betont, dass es um die YPG\/YPJ geht und nun wird einfach behauptet, ich h\u00e4tte die Fahne der verbotenen HPG gezeigt? Das ist nur damit zu erkl\u00e4ren, dass die kurdische Bewegung und ihre solidarischen Freund*innen massiv kriminalisiert und verfolgt werden. Aber es bleibt dabei: Freiheit, Selbstbestimmung, Frauenrechte, Friede, Demokratie und Emanzipation sind vielleicht manchmal eine Straftat, aber niemals ein Verbrechen!\u201c<\/p>\n<p>Die Falken N\u00fcrnberg sind ein anerkannter Jugendverband, dessen Auftrag die kritische Auseinandersetzung mit Politik und Gesellschaft ist.<\/p>\n<p>Wir bitten Sie als Pressevertreterinnen und Pressevertreter um eine Berichterstattung. Unter folgendem Link finden Sie eine ausf\u00fchrliche Erkl\u00e4rung unseres Vorsitzenden: <a href=\"http:\/\/www.falken-nuernberg.de\/?p=2348\">http:\/\/www.falken-nuernberg.de\/?p=2348<\/a><\/p>\n<p>Mit sozialistischen Gr\u00fc\u00dfen.<\/p>\n<p>Freundschaft!<\/p>\n<p>SJD-Die Falken in N\u00fcrnberg<\/p>\n","protected":false},"excerpt":{"rendered":"<p>Sehr geehrte Pressevertreterinnen und Pressevertreter, sehr geehrte \u00d6ffentlichkeit, am 27. Mai 2019 um 9 Uhr findet der Prozess gegen den Vorsitzenden der SJD \u2013 Die Falken N\u00fcrnberg, Nico Schreiber statt. Um 7.30 Uhr wird es hierzu eine Kundgebung vor dem &hellip; <a href=\"https:\/\/www.falken-nuernberg.de\/?p=2372\">Weiterlesen <span class=\"meta-nav\">&rarr;<\/span><\/a><\/p>\n","protected":false},"author":7,"featured_media":0,"comment_status":"closed","ping_status":"open","sticky":false,"template":"","format":"standard","meta":{"footnotes":""},"categories":[3],"tags":[],"class_list":["post-2372","post","type-post","status-publish","format-standard","hentry","category-presse"],"_links":{"self":[{"href":"https:\/\/www.falken-nuernberg.de\/index.php?rest_route=\/wp\/v2\/posts\/2372","targetHints":{"allow":["GET"]}}],"collection":[{"href":"https:\/\/www.falken-nuernberg.de\/index.php?rest_route=\/wp\/v2\/posts"}],"about":[{"href":"https:\/\/www.falken-nuernberg.de\/index.php?rest_route=\/wp\/v2\/types\/post"}],"author":[{"embeddable":true,"href":"https:\/\/www.falken-nuernberg.de\/index.php?rest_route=\/wp\/v2\/users\/7"}],"replies":[{"embeddable":true,"href":"https:\/\/www.falken-nuernberg.de\/index.php?rest_route=%2Fwp%2Fv2%2Fcomments&post=2372"}],"version-history":[{"count":1,"href":"https:\/\/www.falken-nuernberg.de\/index.php?rest_route=\/wp\/v2\/posts\/2372\/revisions"}],"predecessor-version":[{"id":2373,"href":"https:\/\/www.falken-nuernberg.de\/index.php?rest_route=\/wp\/v2\/posts\/2372\/revisions\/2373"}],"wp:attachment":[{"href":"https:\/\/www.falken-nuernberg.de\/index.php?rest_route=%2Fwp%2Fv2%2Fmedia&parent=2372"}],"wp:term":[{"taxonomy":"category","embeddable":true,"href":"https:\/\/www.falken-nuernberg.de\/index.php?rest_route=%2Fwp%2Fv2%2Fcategories&post=2372"},{"taxonomy":"post_tag","embeddable":true,"href":"https:\/\/www.falken-nuernberg.de\/index.php?rest_route=%2Fwp%2Fv2%2Ftags&post=2372"}],"curies":[{"name":"wp","href":"https:\/\/api.w.org\/{rel}","templated":true}]}}