{"id":218,"date":"2013-04-19T14:03:44","date_gmt":"2013-04-19T12:03:44","guid":{"rendered":"http:\/\/www.falken-nuernberg.de\/?p=218"},"modified":"2013-04-19T14:04:44","modified_gmt":"2013-04-19T12:04:44","slug":"218","status":"publish","type":"post","link":"https:\/\/www.falken-nuernberg.de\/?p=218","title":{"rendered":"Raus zum 1.Mai!"},"content":{"rendered":"<p style=\"text-align: left;\">Liebe GenossInnen,<\/p>\n<p>heraus zum 1. Mai! Traditionelle 1.Mai-Demonstration mit anschlie\u00dfender Kundgebung am Kornmarkt.<\/p>\n<p>Treffpunkt 10:00 Uhr am Aufse\u00dfplatz bei den roten Falkenfahnen<br \/>\n<a href=\"http:\/\/www.falken-nuernberg.de\/wordpress\/wp-content\/uploads\/2013\/04\/1mai_vorderseite_500px.jpg\"><img loading=\"lazy\" decoding=\"async\" class=\"size-full wp-image-219 alignnone\" alt=\"1mai_vorderseite_500px\" src=\"http:\/\/www.falken-nuernberg.de\/wordpress\/wp-content\/uploads\/2013\/04\/1mai_vorderseite_500px.jpg\" width=\"500\" height=\"355\" srcset=\"https:\/\/www.falken-nuernberg.de\/wordpress\/wp-content\/uploads\/2013\/04\/1mai_vorderseite_500px.jpg 500w, https:\/\/www.falken-nuernberg.de\/wordpress\/wp-content\/uploads\/2013\/04\/1mai_vorderseite_500px-300x213.jpg 300w, https:\/\/www.falken-nuernberg.de\/wordpress\/wp-content\/uploads\/2013\/04\/1mai_vorderseite_500px-422x300.jpg 422w\" sizes=\"auto, (max-width: 500px) 100vw, 500px\" \/><\/a><\/p>\n<p style=\"text-align: left;\"><!--more--><br \/>\nNach der Demo gibt\u2019s gro\u00dfe Kletteraction zum Thema \u201cHoch hinaus &#8211; ohne Angst um deine Zukunft\u201d am Kornmarkt.<\/p>\n<p>Auf dem Stra\u00dfenfest in Gostenhof gibt\u2019s einen Falkenstand mit tollen \u00dcberraschungen.<\/p>\n<p>Der Falkenturm ist ab 14:00 Uhr f\u00fcr euch ge\u00f6ffnet. Es gibt, wie jedes Jahr, Kaffee, Kuchen, musikalische Unterhaltung und nat\u00fcrlich wird wieder gegrillt.<\/p>\n<p>Der Vorstand des UB-N\u00fcrnberg freut sich dich am 1.Mai zu sehen!<\/p>\n","protected":false},"excerpt":{"rendered":"<p>Liebe GenossInnen, heraus zum 1. Mai! Traditionelle 1.Mai-Demonstration mit anschlie\u00dfender Kundgebung am Kornmarkt. Treffpunkt 10:00 Uhr am Aufse\u00dfplatz bei den roten Falkenfahnen<\/p>\n","protected":false},"author":1,"featured_media":0,"comment_status":"closed","ping_status":"open","sticky":false,"template":"","format":"standard","meta":{"footnotes":""},"categories":[4],"tags":[8,11,18,9,17,10,12,13,14,16,15],"class_list":["post-218","post","type-post","status-publish","format-standard","hentry","category-veranstaltung","tag-1-mai","tag-die-falken","tag-franken","tag-hoch-hinaus-ohne-angst-um-deine-zukunft","tag-nurnberg","tag-selbstbestimmtes-leben-und-lernen","tag-sjd","tag-sjd-die-falken","tag-sozialistische-jugend-deutschlands","tag-ub-nurnberg","tag-unterbezirk-nurnberg"],"_links":{"self":[{"href":"https:\/\/www.falken-nuernberg.de\/index.php?rest_route=\/wp\/v2\/posts\/218","targetHints":{"allow":["GET"]}}],"collection":[{"href":"https:\/\/www.falken-nuernberg.de\/index.php?rest_route=\/wp\/v2\/posts"}],"about":[{"href":"https:\/\/www.falken-nuernberg.de\/index.php?rest_route=\/wp\/v2\/types\/post"}],"author":[{"embeddable":true,"href":"https:\/\/www.falken-nuernberg.de\/index.php?rest_route=\/wp\/v2\/users\/1"}],"replies":[{"embeddable":true,"href":"https:\/\/www.falken-nuernberg.de\/index.php?rest_route=%2Fwp%2Fv2%2Fcomments&post=218"}],"version-history":[{"count":4,"href":"https:\/\/www.falken-nuernberg.de\/index.php?rest_route=\/wp\/v2\/posts\/218\/revisions"}],"predecessor-version":[{"id":223,"href":"https:\/\/www.falken-nuernberg.de\/index.php?rest_route=\/wp\/v2\/posts\/218\/revisions\/223"}],"wp:attachment":[{"href":"https:\/\/www.falken-nuernberg.de\/index.php?rest_route=%2Fwp%2Fv2%2Fmedia&parent=218"}],"wp:term":[{"taxonomy":"category","embeddable":true,"href":"https:\/\/www.falken-nuernberg.de\/index.php?rest_route=%2Fwp%2Fv2%2Fcategories&post=218"},{"taxonomy":"post_tag","embeddable":true,"href":"https:\/\/www.falken-nuernberg.de\/index.php?rest_route=%2Fwp%2Fv2%2Ftags&post=218"}],"curies":[{"name":"wp","href":"https:\/\/api.w.org\/{rel}","templated":true}]}}