{"id":1861,"date":"2017-09-18T09:23:56","date_gmt":"2017-09-18T07:23:56","guid":{"rendered":"http:\/\/www.falken-nuernberg.de\/?p=1861"},"modified":"2017-09-18T09:30:03","modified_gmt":"2017-09-18T07:30:03","slug":"feier-zum-weltkindertag-2017","status":"publish","type":"post","link":"https:\/\/www.falken-nuernberg.de\/?p=1861","title":{"rendered":"Feier zum Weltkindertag am 24.09.2017 &#8211; Schaut an unserem Stand vorbei!"},"content":{"rendered":"<p><strong>Was<\/strong> <strong>motiviert<\/strong> die N\u00fcrnberger Falken am Weltkindertag dabei zu sein, ihn mitzugestalten?<\/p>\n<p>Der Weltkindertag hat f\u00fcr uns Falken eine lange Tradition, eine von Falken gepr\u00e4gte Tradition. Bereits 1953 fand zum ersten Mal in N\u00fcrnberg der \u201eTag des Kindes\u201c statt.<\/p>\n<p>Diesen haben die N\u00fcrnberger Falken in Kooperation mit dem N\u00fcrnberger Tiergarten ins Leben gerufen. Ziel war es Kindern einen sch\u00f6nen und aufregenden Tag zu erm\u00f6glichen.<br \/>\nAn diesem Tag nahmen 25.000 kleine und gro\u00dfe Besucher*innen teil.<\/p>\n<p>In dieser Form fand der \u201eTag des Kindes\u201c \u00fcber 25 Jahre statt. Seit Ende der 1980er Jahre richtet die Stadt N\u00fcrnberg den Weltkindertag aus.<\/p>\n<p>Und so ist es f\u00fcr uns nicht nur eine historisch gewachsene Motivation, sondern, auch eine politische und p\u00e4dagogische.<\/p>\n<p>In unserer P\u00e4dagogik lehnen wir u.a. Ausgrenzung, Rassismus und Diskriminierung ab. Und stehen f\u00fcr ein gleichberechtigtes und demokratisches Miteinander. Die Kinderrechte sind also elementarer Bestandteil in unserer \u201eArbeit\u201c mit Kindern.<\/p>\n<p>In diesem, wie auch in den letzten beiden Jahren, werden wir die Kinderdemo ausrichten und m\u00f6chten zuvor mit den Kindern an unserem Stand \u201eerarbeiten\u201c, was ihre W\u00fcnsche und Forderungen an die Gesellschaft und die Politik sind \u2013 und wo sie sich mehr \u201eGeh\u00f6r\u201c w\u00fcnschen.<\/p>\n<p>Kurzum, am Weltkindertag geht es bei uns um das Recht auf eine eigene Meinung, sich zu informieren, mitzuteilen, geh\u00f6rt zu werden und sich versammeln zu k\u00f6nnen.<\/p>\n<p><strong>Kommt zahlreich um 14:30h (Treffpunkt an der Hauptb\u00fchne) zu unserer bunten, kreativen und lauten Kinder-Demo!<\/strong><\/p>\n<p><a href=\"http:\/\/www.falken-nuernberg.de\/wordpress\/wp-content\/uploads\/2017\/09\/Kinder-haben-Rechte-Flyer2016f\u00fcr-Internet.pdf\" rel=\"\">Kinder haben Rechte!<\/a><\/p>\n","protected":false},"excerpt":{"rendered":"<p>Was motiviert die N\u00fcrnberger Falken am Weltkindertag dabei zu sein, ihn mitzugestalten? Der Weltkindertag hat f\u00fcr uns Falken eine lange Tradition, eine von Falken gepr\u00e4gte Tradition. Bereits 1953 fand zum ersten Mal in N\u00fcrnberg der \u201eTag des Kindes\u201c statt. Diesen &hellip; <a href=\"https:\/\/www.falken-nuernberg.de\/?p=1861\">Weiterlesen <span class=\"meta-nav\">&rarr;<\/span><\/a><\/p>\n","protected":false},"author":6,"featured_media":0,"comment_status":"closed","ping_status":"open","sticky":false,"template":"","format":"standard","meta":{"footnotes":""},"categories":[1],"tags":[],"class_list":["post-1861","post","type-post","status-publish","format-standard","hentry","category-kinder"],"_links":{"self":[{"href":"https:\/\/www.falken-nuernberg.de\/index.php?rest_route=\/wp\/v2\/posts\/1861","targetHints":{"allow":["GET"]}}],"collection":[{"href":"https:\/\/www.falken-nuernberg.de\/index.php?rest_route=\/wp\/v2\/posts"}],"about":[{"href":"https:\/\/www.falken-nuernberg.de\/index.php?rest_route=\/wp\/v2\/types\/post"}],"author":[{"embeddable":true,"href":"https:\/\/www.falken-nuernberg.de\/index.php?rest_route=\/wp\/v2\/users\/6"}],"replies":[{"embeddable":true,"href":"https:\/\/www.falken-nuernberg.de\/index.php?rest_route=%2Fwp%2Fv2%2Fcomments&post=1861"}],"version-history":[{"count":5,"href":"https:\/\/www.falken-nuernberg.de\/index.php?rest_route=\/wp\/v2\/posts\/1861\/revisions"}],"predecessor-version":[{"id":1865,"href":"https:\/\/www.falken-nuernberg.de\/index.php?rest_route=\/wp\/v2\/posts\/1861\/revisions\/1865"}],"wp:attachment":[{"href":"https:\/\/www.falken-nuernberg.de\/index.php?rest_route=%2Fwp%2Fv2%2Fmedia&parent=1861"}],"wp:term":[{"taxonomy":"category","embeddable":true,"href":"https:\/\/www.falken-nuernberg.de\/index.php?rest_route=%2Fwp%2Fv2%2Fcategories&post=1861"},{"taxonomy":"post_tag","embeddable":true,"href":"https:\/\/www.falken-nuernberg.de\/index.php?rest_route=%2Fwp%2Fv2%2Ftags&post=1861"}],"curies":[{"name":"wp","href":"https:\/\/api.w.org\/{rel}","templated":true}]}}