{"id":1851,"date":"2017-07-10T23:43:32","date_gmt":"2017-07-10T21:43:32","guid":{"rendered":"http:\/\/www.falken-nuernberg.de\/?p=1851"},"modified":"2017-07-10T23:43:32","modified_gmt":"2017-07-10T21:43:32","slug":"wochenendseminar-dialektik-der-aufklaerung","status":"publish","type":"post","link":"https:\/\/www.falken-nuernberg.de\/?p=1851","title":{"rendered":"Wochenendseminar: Dialektik der Aufkl\u00e4rung"},"content":{"rendered":"<p><a href=\"http:\/\/www.falken-nuernberg.de\/wordpress\/wp-content\/uploads\/2017\/07\/front.png\" rel=\"attachment wp-att-1852\"><img loading=\"lazy\" decoding=\"async\" class=\"alignnone  wp-image-1852\" src=\"http:\/\/www.falken-nuernberg.de\/wordpress\/wp-content\/uploads\/2017\/07\/front.png\" alt=\"front\" width=\"257\" height=\"257\" srcset=\"https:\/\/www.falken-nuernberg.de\/wordpress\/wp-content\/uploads\/2017\/07\/front.png 1754w, https:\/\/www.falken-nuernberg.de\/wordpress\/wp-content\/uploads\/2017\/07\/front-150x150.png 150w, https:\/\/www.falken-nuernberg.de\/wordpress\/wp-content\/uploads\/2017\/07\/front-300x300.png 300w, https:\/\/www.falken-nuernberg.de\/wordpress\/wp-content\/uploads\/2017\/07\/front-768x768.png 768w, https:\/\/www.falken-nuernberg.de\/wordpress\/wp-content\/uploads\/2017\/07\/front-1024x1024.png 1024w\" sizes=\"auto, (max-width: 257px) 100vw, 257px\" \/><\/a><\/p>\n<p>\u201eDa\u00df der hygienische Fabrikraum und alles, was dazu geh\u00f6rt, Volkswagen und Sportpalast, die Metaphysik stumpfsinnig liquidiert, w\u00e4re noch gleichg\u00fcltig, aber da\u00df sie im gesellschaftlichen Ganzen selbst zur Metaphysik werden, zum ideologischen Vorhang, hinter dem sich das reale Unheil zusammenzieht, ist nicht gleichg\u00fcltig.\u201c<\/p>\n<p>Da das angesichts der nicht zu \u00fcbersehenden regressiven Tendenzen weltweit eben nicht gleichg\u00fcltig ist, wollen wir die philosophischen Fragmente Adornos und Horkheimers begreifen. Dazu holen wir uns Unterst\u00fctzung von Genoss*innen aus Th\u00fcringen und verbringen gemeinsam mit ihnen das Wochenende vom 29. September bis 1.Oktober 2017 in Fornbach, wo wir lesen, diskutieren, Erkenntnisse gewinnen un<span class=\"text_exposed_show\">d so einen kleinen Einstieg in das Buch bekommen werden. Abends findet sich selbstverst\u00e4ndlich genug Zeit zum Rumh\u00e4ngen und Trinken. Vorkenntnisse werden nicht erwartet, auch das Buch muss noch nicht gelesen sein (auch wenn das sicherlich nicht schadet) \u2013 Interesse und im besten Fall Freude am Texte lesen, Diskutieren, Abstrahieren und Nachdenken sind Voraussetzung.<\/p>\n<p>Hast du Interesse? Dann melde dich in unserem B\u00fcro an und schreib eine Mail an buero@falken-nuernberg.de.<wbr \/>\u00a0Der Teilnahmebeitrag liegt bei 20 Euro f\u00fcr Falkenmitglieder, 25 Euro f\u00fcr Nichtmitglieder, Essen, Bett und Anreise inklusive. Das Buch muss\/ sollte selbst erworben werden. Weitere Infos zum Seminar und gemeinsamer Anreise gibts nach dem Anmeldeschluss am 1. September.<\/span><\/p>\n","protected":false},"excerpt":{"rendered":"<p>\u201eDa\u00df der hygienische Fabrikraum und alles, was dazu geh\u00f6rt, Volkswagen und Sportpalast, die Metaphysik stumpfsinnig liquidiert, w\u00e4re noch gleichg\u00fcltig, aber da\u00df sie im gesellschaftlichen Ganzen selbst zur Metaphysik werden, zum ideologischen Vorhang, hinter dem sich das reale Unheil zusammenzieht, ist &hellip; <a href=\"https:\/\/www.falken-nuernberg.de\/?p=1851\">Weiterlesen <span class=\"meta-nav\">&rarr;<\/span><\/a><\/p>\n","protected":false},"author":5,"featured_media":0,"comment_status":"closed","ping_status":"open","sticky":false,"template":"","format":"standard","meta":{"footnotes":""},"categories":[20,4],"tags":[],"class_list":["post-1851","post","type-post","status-publish","format-standard","hentry","category-jugendliche","category-veranstaltung"],"_links":{"self":[{"href":"https:\/\/www.falken-nuernberg.de\/index.php?rest_route=\/wp\/v2\/posts\/1851","targetHints":{"allow":["GET"]}}],"collection":[{"href":"https:\/\/www.falken-nuernberg.de\/index.php?rest_route=\/wp\/v2\/posts"}],"about":[{"href":"https:\/\/www.falken-nuernberg.de\/index.php?rest_route=\/wp\/v2\/types\/post"}],"author":[{"embeddable":true,"href":"https:\/\/www.falken-nuernberg.de\/index.php?rest_route=\/wp\/v2\/users\/5"}],"replies":[{"embeddable":true,"href":"https:\/\/www.falken-nuernberg.de\/index.php?rest_route=%2Fwp%2Fv2%2Fcomments&post=1851"}],"version-history":[{"count":1,"href":"https:\/\/www.falken-nuernberg.de\/index.php?rest_route=\/wp\/v2\/posts\/1851\/revisions"}],"predecessor-version":[{"id":1853,"href":"https:\/\/www.falken-nuernberg.de\/index.php?rest_route=\/wp\/v2\/posts\/1851\/revisions\/1853"}],"wp:attachment":[{"href":"https:\/\/www.falken-nuernberg.de\/index.php?rest_route=%2Fwp%2Fv2%2Fmedia&parent=1851"}],"wp:term":[{"taxonomy":"category","embeddable":true,"href":"https:\/\/www.falken-nuernberg.de\/index.php?rest_route=%2Fwp%2Fv2%2Fcategories&post=1851"},{"taxonomy":"post_tag","embeddable":true,"href":"https:\/\/www.falken-nuernberg.de\/index.php?rest_route=%2Fwp%2Fv2%2Ftags&post=1851"}],"curies":[{"name":"wp","href":"https:\/\/api.w.org\/{rel}","templated":true}]}}